{"id":21254,"date":"2023-11-09T14:54:34","date_gmt":"2023-11-09T17:54:34","guid":{"rendered":"https:\/\/blogs.correiobraziliense.com.br\/servidor\/?p=21254"},"modified":"2023-11-09T14:54:34","modified_gmt":"2023-11-09T17:54:34","slug":"comissao-do-senado-aprova-que-gestantes-possam-remarcar-testes-fisicos-em-concursos","status":"publish","type":"post","link":"https:\/\/blogs.correiobraziliense.com.br\/servidor\/comissao-do-senado-aprova-que-gestantes-possam-remarcar-testes-fisicos-em-concursos\/","title":{"rendered":"Comiss\u00e3o do Senado aprova que gestantes possam remarcar testes f\u00edsicos em concursos"},"content":{"rendered":"<p>A Comiss\u00e3o de Constitui\u00e7\u00e3o e Justi\u00e7a (CCJ), do Senado Federal, aprovou projeto que permite a gestantes, concorrentes em concursos p\u00fablicos, solicitarem a realiza\u00e7\u00e3o de testes f\u00edsicos fora das datas previstas nos editais. A decis\u00e3o saiu nesta quinta-feira (8\/11) e agora segue para aprecia\u00e7\u00e3o do plen\u00e1rio da Casa.<\/p>\n<p>A proposta, de autoria do senador Conf\u00facio Moura (MDB-RO), regula a realiza\u00e7\u00e3o de testes de aptid\u00e3o f\u00edsica de gestantes e pu\u00e9rperas. Para o adiamento dos testes, n\u00e3o ser\u00e1 levada em considera\u00e7\u00e3o se a gesta\u00e7\u00e3o come\u00e7ou antes ou depois do in\u00edcio dos certames.<\/p>\n<p>A banca organizadora do concurso \u00e9 quem dever\u00e1 remarcar a data, entre 72 e 90 dias ap\u00f3s o fim da gesta\u00e7\u00e3o, que dever\u00e1 ser informado pela pr\u00f3pria mulher. O intervalo respeita o per\u00edodo puerperal, que dura 42 dias ap\u00f3s o fim da gravidez, de acordo com o Minist\u00e9rio da Sa\u00fade.<\/p>\n<p>Para remarcar, a gestante dever\u00e1 comprovar a gravidez por meio de laudo m\u00e9dico ou cl\u00ednico, acompanhado de exame laboratorial. Segundo o texto, a candidata que apresentar laudos e exames falsos ser\u00e1 exclu\u00edda do concurso. A infratora tamb\u00e9m dever\u00e1 devolver todos os valores despendidos para a realiza\u00e7\u00e3o das provas e, em caso de aprova\u00e7\u00e3o ou de estar exercendo as fun\u00e7\u00f5es p\u00fablicas, ser\u00e1 anulada a posse no cargo e todos os valores j\u00e1 recebidos dever\u00e3o ser restitu\u00eddos. <a href=\"https:\/\/www25.senado.leg.br\/web\/atividade\/materias\/-\/materia\/135415?_gl=1*1rbo8f1*_ga*MTk3MTMyNTkzOC4xNjY2Nzg0NzY5*_ga_CW3ZH25XMK*MTY5OTU1MjE0MC41OC4xLjE2OTk1NTIxOTYuMC4wLjA.\">Veja a \u00edntegra do projeto aqui.<\/a><\/p>\n<ul>\n<li><strong>Leia tamb\u00e9m:\u00a0<\/strong><a href=\"https:\/\/blogs.correiobraziliense.com.br\/servidor\/governo-federal-assina-acordo-que-cria-a-carreira-de-indigenista-e-reestrutura-cargos-da-funai\/\" rel=\"bookmark\">Governo Federal assina acordo que cria a carreira de indigenista e reestrutura cargos da Funai<\/a><\/li>\n<li><a href=\"https:\/\/blogs.correiobraziliense.com.br\/servidor\/enap-realiza-a-competicao-datathon-desigualdades-raciais-no-servico-publico\/\" rel=\"bookmark\">ENAP realiza a competi\u00e7\u00e3o \u201cDATATHON: Desigualdades Raciais no Servi\u00e7o P\u00fablico\u201d<\/a><\/li>\n<li><a href=\"https:\/\/blogs.correiobraziliense.com.br\/servidor\/sindivacs-df-convoca-assembleia-para-debater-possivel-greve-e-nomeacao-de-aprovados\/\" rel=\"bookmark\">Sindivacs-DF convoca assembleia para debater poss\u00edvel greve e nomea\u00e7\u00e3o de aprovados<\/a><\/li>\n<\/ul>\n","protected":false},"excerpt":{"rendered":"<p>A Comiss\u00e3o de Constitui\u00e7\u00e3o e Justi\u00e7a (CCJ), do Senado Federal, aprovou projeto que permite a gestantes, concorrentes em concursos p\u00fablicos, solicitarem a realiza\u00e7\u00e3o de testes f\u00edsicos fora das datas previstas nos editais. A decis\u00e3o saiu nesta quinta-feira (8\/11) e agora segue para aprecia\u00e7\u00e3o do plen\u00e1rio da Casa. A proposta, de autoria do senador Conf\u00facio Moura (MDB-RO), regula a realiza\u00e7\u00e3o de [&hellip;]<\/p>\n","protected":false},"author":139,"featured_media":21255,"comment_status":"open","ping_status":"closed","sticky":false,"template":"","format":"standard","meta":{"footnotes":""},"categories":[19524,19529,19497,2719,19512],"tags":[93,98,260,696,575,8,58],"class_list":["post-21254","post","type-post","status-publish","format-standard","has-post-thumbnail","hentry","category-governo-federal","category-senado","category-servico-publico","category-servidor","category-servidores-publicos","tag-concurso","tag-governo","tag-justica","tag-senado","tag-servico-publico","tag-servidor","tag-servidores"],"_links":{"self":[{"href":"https:\/\/blogs.correiobraziliense.com.br\/servidor\/wp-json\/wp\/v2\/posts\/21254","targetHints":{"allow":["GET"]}}],"collection":[{"href":"https:\/\/blogs.correiobraziliense.com.br\/servidor\/wp-json\/wp\/v2\/posts"}],"about":[{"href":"https:\/\/blogs.correiobraziliense.com.br\/servidor\/wp-json\/wp\/v2\/types\/post"}],"author":[{"embeddable":true,"href":"https:\/\/blogs.correiobraziliense.com.br\/servidor\/wp-json\/wp\/v2\/users\/139"}],"replies":[{"embeddable":true,"href":"https:\/\/blogs.correiobraziliense.com.br\/servidor\/wp-json\/wp\/v2\/comments?post=21254"}],"version-history":[{"count":1,"href":"https:\/\/blogs.correiobraziliense.com.br\/servidor\/wp-json\/wp\/v2\/posts\/21254\/revisions"}],"predecessor-version":[{"id":21256,"href":"https:\/\/blogs.correiobraziliense.com.br\/servidor\/wp-json\/wp\/v2\/posts\/21254\/revisions\/21256"}],"wp:featuredmedia":[{"embeddable":true,"href":"https:\/\/blogs.correiobraziliense.com.br\/servidor\/wp-json\/wp\/v2\/media\/21255"}],"wp:attachment":[{"href":"https:\/\/blogs.correiobraziliense.com.br\/servidor\/wp-json\/wp\/v2\/media?parent=21254"}],"wp:term":[{"taxonomy":"category","embeddable":true,"href":"https:\/\/blogs.correiobraziliense.com.br\/servidor\/wp-json\/wp\/v2\/categories?post=21254"},{"taxonomy":"post_tag","embeddable":true,"href":"https:\/\/blogs.correiobraziliense.com.br\/servidor\/wp-json\/wp\/v2\/tags?post=21254"}],"curies":[{"name":"wp","href":"https:\/\/api.w.org\/{rel}","templated":true}]}}