{"id":21251,"date":"2023-11-01T17:36:54","date_gmt":"2023-11-01T20:36:54","guid":{"rendered":"https:\/\/blogs.correiobraziliense.com.br\/servidor\/?p=21251"},"modified":"2023-11-01T17:36:54","modified_gmt":"2023-11-01T20:36:54","slug":"governo-federal-assina-acordo-que-cria-a-carreira-de-indigenista-e-reestrutura-cargos-da-funai","status":"publish","type":"post","link":"https:\/\/blogs.correiobraziliense.com.br\/servidor\/governo-federal-assina-acordo-que-cria-a-carreira-de-indigenista-e-reestrutura-cargos-da-funai\/","title":{"rendered":"Governo Federal assina acordo que cria a carreira de indigenista e reestrutura cargos da Funai"},"content":{"rendered":"<p>O Minist\u00e9rio da Gest\u00e3o e da Inova\u00e7\u00e3o em Servi\u00e7os P\u00fablicos (MGI), em conjunto com entidades representativas de servidores p\u00fablicos, assinou, na ter\u00e7a-feira (31\/10), um termo que reestrutura as carreiras da Funda\u00e7\u00e3o Nacional dos Povos Ind\u00edgenas (Funai) por meio da cria\u00e7\u00e3o do plano especial de cargos da Funai e da carreira de indigenista.<\/p>\n<p>O acordo institui a carreira indigenista e a composi\u00e7\u00e3o dela: ser\u00e3o dois cargos, o de especialista em indigenismo e t\u00e9cnico em indigenismo. Os cargos j\u00e1 eram integrantes do Plano Geral de Cargos do Poder Executivo (PGPE), mas tinham outros nomes \u2014 indigenista especializado, e o segundo cargo, agente em indigenismo.<\/p>\n<p>Agora como carreira da Funai, os cargos tem a Funda\u00e7\u00e3o como \u00f3rg\u00e3o supervisor e ter\u00e3o as atribui\u00e7\u00f5es previstas na Lei n\u00ba 11.357, de 19 de outubro de 2006 mantidas.<\/p>\n<p>Os outros postos da Funai foram inclu\u00eddos no plano especial de cargos. A tabela de remunera\u00e7\u00e3o tamb\u00e9m foi reformulada e agora segue os cargos do meio ambiente, que prev\u00ea uma atualiza\u00e7\u00e3o progressiva anual entre 2024 e 2026.<\/p>\n<p>De acordo com a Funai, a atualiza\u00e7\u00e3o na remunera\u00e7\u00e3o ser\u00e1 implementada, para o n\u00edvel superior, de maneira gradual \u2014 aumento de 40% em janeiro de 2024, 30% em janeiro de 2025 e 30% em janeiro de 2026. J\u00e1 para cargos de n\u00edveis intermedi\u00e1rio e auxiliar, a nova remunera\u00e7\u00e3o ser\u00e1 alterada em parcela \u00fanica (100%) em janeiro de 2024.<\/p>\n<p>A proposta agora ser\u00e1 encaminhada ao Congresso Nacional por meio de projeto de lei.<\/p>\n<p>Estavam presentes no momento da assinatura a presidente da Funai, Joenia Wapichana, representantes do MGI e do Minist\u00e9rio dos Povos Ind\u00edgenas (MPI), dirigentes da Confedera\u00e7\u00e3o dos Trabalhadores no Servi\u00e7o P\u00fablico Federal (Condsef), Associa\u00e7\u00e3o Nacional dos Servidores da Funai (Ansef) e Indigenistas Associados (INA).<\/p>\n<p>Tamb\u00e9m estavam no local a coordenadora-geral de Gest\u00e3o de Pessoas da Funai, representando a diretoria de Administra\u00e7\u00e3o e Gest\u00e3o, Polliana Liebich, e servidores envolvidos nas negocia\u00e7\u00f5es.<\/p>\n<ul>\n<li><strong>Leia tamb\u00e9m:\u00a0<\/strong><a href=\"https:\/\/blogs.correiobraziliense.com.br\/servidor\/enap-realiza-a-competicao-datathon-desigualdades-raciais-no-servico-publico\/\" rel=\"bookmark\">ENAP realiza a competi\u00e7\u00e3o \u201cDATATHON: Desigualdades Raciais no Servi\u00e7o P\u00fablico\u201d<\/a><\/li>\n<li><a href=\"https:\/\/blogs.correiobraziliense.com.br\/servidor\/sindivacs-df-convoca-assembleia-para-debater-possivel-greve-e-nomeacao-de-aprovados\/\" rel=\"bookmark\">Sindivacs-DF convoca assembleia para debater poss\u00edvel greve e nomea\u00e7\u00e3o de aprovados<\/a><\/li>\n<li><a href=\"https:\/\/blogs.correiobraziliense.com.br\/servidor\/reforma-administrativa-para-esther-dweck-preposicao-quer-punir-servidores\/\" rel=\"bookmark\">Reforma administrativa: para Esther Dweck preposi\u00e7\u00e3o quer \u201cpunir servidores\u201d<\/a><\/li>\n<\/ul>\n","protected":false},"excerpt":{"rendered":"<p>O Minist\u00e9rio da Gest\u00e3o e da Inova\u00e7\u00e3o em Servi\u00e7os P\u00fablicos (MGI), em conjunto com entidades representativas de servidores p\u00fablicos, assinou, na ter\u00e7a-feira (31\/10), um termo que reestrutura as carreiras da Funda\u00e7\u00e3o Nacional dos Povos Ind\u00edgenas (Funai) por meio da cria\u00e7\u00e3o do plano especial de cargos da Funai e da carreira de indigenista. O acordo institui a carreira indigenista e a [&hellip;]<\/p>\n","protected":false},"author":139,"featured_media":21252,"comment_status":"open","ping_status":"closed","sticky":false,"template":"","format":"standard","meta":{"footnotes":""},"categories":[19524,19497,2719,19512],"tags":[188,1352,98,9773,19520,19528,8,58,19],"class_list":["post-21251","post","type-post","status-publish","format-standard","has-post-thumbnail","hentry","category-governo-federal","category-servico-publico","category-servidor","category-servidores-publicos","tag-carreira","tag-funai","tag-governo","tag-indigenista","tag-mgi","tag-ministerio-da-gestao","tag-servidor","tag-servidores","tag-trabalhadores"],"_links":{"self":[{"href":"https:\/\/blogs.correiobraziliense.com.br\/servidor\/wp-json\/wp\/v2\/posts\/21251","targetHints":{"allow":["GET"]}}],"collection":[{"href":"https:\/\/blogs.correiobraziliense.com.br\/servidor\/wp-json\/wp\/v2\/posts"}],"about":[{"href":"https:\/\/blogs.correiobraziliense.com.br\/servidor\/wp-json\/wp\/v2\/types\/post"}],"author":[{"embeddable":true,"href":"https:\/\/blogs.correiobraziliense.com.br\/servidor\/wp-json\/wp\/v2\/users\/139"}],"replies":[{"embeddable":true,"href":"https:\/\/blogs.correiobraziliense.com.br\/servidor\/wp-json\/wp\/v2\/comments?post=21251"}],"version-history":[{"count":1,"href":"https:\/\/blogs.correiobraziliense.com.br\/servidor\/wp-json\/wp\/v2\/posts\/21251\/revisions"}],"predecessor-version":[{"id":21253,"href":"https:\/\/blogs.correiobraziliense.com.br\/servidor\/wp-json\/wp\/v2\/posts\/21251\/revisions\/21253"}],"wp:featuredmedia":[{"embeddable":true,"href":"https:\/\/blogs.correiobraziliense.com.br\/servidor\/wp-json\/wp\/v2\/media\/21252"}],"wp:attachment":[{"href":"https:\/\/blogs.correiobraziliense.com.br\/servidor\/wp-json\/wp\/v2\/media?parent=21251"}],"wp:term":[{"taxonomy":"category","embeddable":true,"href":"https:\/\/blogs.correiobraziliense.com.br\/servidor\/wp-json\/wp\/v2\/categories?post=21251"},{"taxonomy":"post_tag","embeddable":true,"href":"https:\/\/blogs.correiobraziliense.com.br\/servidor\/wp-json\/wp\/v2\/tags?post=21251"}],"curies":[{"name":"wp","href":"https:\/\/api.w.org\/{rel}","templated":true}]}}