{"id":2125,"date":"2016-07-01T11:49:31","date_gmt":"2016-07-01T14:49:31","guid":{"rendered":"https:\/\/blogs.correiobraziliense.com.br\/servidor\/?p=2125"},"modified":"2016-07-08T10:26:26","modified_gmt":"2016-07-08T13:26:26","slug":"apenas-13-dos-brasileiros-consideram-o-governo-temer-otimo-ou-bom-informa-cni-ibope","status":"publish","type":"post","link":"https:\/\/blogs.correiobraziliense.com.br\/servidor\/apenas-13-dos-brasileiros-consideram-o-governo-temer-otimo-ou-bom-informa-cni-ibope\/","title":{"rendered":"Apenas 13% dos brasileiros consideram o governo Temer \u00f3timo ou bom, informa CNI-Ibope"},"content":{"rendered":"<div>\n<div><span style=\"font-family: verdana,sans-serif\"><i>Pesquisa mostra que 44% da popula\u00e7\u00e3o avaliam que governo atual \u00e9 igual ao de Dilma Rousseff<\/i><\/span><\/div>\n<\/div>\n<div dir=\"ltr\">\n<div class=\"gmail_quote\">\n<div dir=\"ltr\">\n<div><span style=\"font-family: verdana,sans-serif\">O presidente em exerc\u00edcio Michel Temer ainda n\u00e3o conquistou a confian\u00e7a e a aprova\u00e7\u00e3o dos brasileiros.\u00a0 Apenas 13% da popula\u00e7\u00e3o avaliam o governo Temer como \u00f3timo ou bom, 36% consideram regular e 39% dizem que \u00e9 ruim ou p\u00e9ssimo, informa a pesquisa trimestral CNI-Ibope, divulgada nesta sexta-feira, 1\u00ba de julho, pela Confedera\u00e7\u00e3o Nacional da Ind\u00fastria (CNI).<b title=\"blocked::http:\/\/www.portaldaindustria.com.br\/cni\/\"><\/b><\/p>\n<p>O levantamento mostra que 31% aprovam, enquanto que 53% desaprovam a maneira de governar do presidente em exerc\u00edcio. Al\u00e9m disso, a pesquisa revela que 66% n\u00e3o confiam e 27% confiam em Michel Temer. Os brasileiros com 55 anos ou mais de idade s\u00e3o os que mais aprovam (35%) sua maneira de governar. \u00c9 nesta faixa et\u00e1ria que tamb\u00e9m h\u00e1 o maior n\u00famero de pessoas que dizem confiar no presidente em exerc\u00edcio.<\/p>\n<p>De acordo com a pesquisa, a popularidade de Temer \u00e9 maior do que a da presidente Dilma Rousseff em mar\u00e7o de 2016. Mesmo assim, o n\u00famero de pessoas que avalia positivamente o atual governo \u00e9 menor do que o dos que t\u00eam uma percep\u00e7\u00e3o negativa. O percentual de \u00f3timo ou bom registrado neste m\u00eas \u00e9 similar aos 10% do governo Dilma Rousseff em mar\u00e7o deste ano (a margem de erro da pesquisa \u00e9 de dois pontos para mais ou para menos). No entanto, apenas 14% aprovavam a maneira de governar e 18% confiavam na presidente. Entre os entrevistados, 44% acreditam que o governo Temer est\u00e1 sendo igual ao de Dilma.<br \/>\n<\/span><span style=\"font-family: verdana,sans-serif\">\u200b<br \/>\nA popularidade de Michel Temer \u00e9 mais baixa na regi\u00e3o Nordeste, onde 44% dos moradores consideram o governo ruim ou p\u00e9ssimo, 72% n\u00e3o confiam no presidente em exerc\u00edcio e 63% desaprovam sua maneira de governar. \u00a0\u201cPara 38% dos residentes na regi\u00e3o Nordeste, o governo Temer est\u00e1 sendo pior que o governo Dilma Rousseff. Esse percentual cai para 25% entre os moradores do Norte e Centro-Oeste, 20% no Sudeste e 19% no Sul\u201d, diz a pesquisa.<\/p>\n<p><b>\u00c1REAS DE ATUA\u00c7\u00c3O<\/b> \u2013 Embora tenha apresentado melhora em rela\u00e7\u00e3o \u00e0 pesquisa de mar\u00e7o, o percentual da popula\u00e7\u00e3o que reprova atua\u00e7\u00e3o do governo continua superior ao de aprova\u00e7\u00e3o em nove \u00e1reas pesquisadas. A maior insatisfa\u00e7\u00e3o dos brasileiros \u00e9 com as pol\u00edticas de juros e impostos \u2013 ambas reprovadas por mais de 75% da popula\u00e7\u00e3o. Em seguida, vem a sa\u00fade (73% de desaprova\u00e7\u00e3o) e a seguran\u00e7a p\u00fablica (72% de desaprova\u00e7\u00e3o).<\/p>\n<p>As a\u00e7\u00f5es com maior crescimento no percentual de aprova\u00e7\u00e3o foram o combate \u00e0 infla\u00e7\u00e3o e ao desemprego. A \u00e1rea com o maior grau de aprova\u00e7\u00e3o (33%) \u00e9 o meio ambiente.<\/p>\n<p>Esta edi\u00e7\u00e3o da pesquisa CNI-Ibope ouviu 2.002 pessoas em 141 munic\u00edpios entre 24 e 27 de junho. A margem de erro estimada \u00e9 de dois pontos percentuais para mais ou para menos. O n\u00edvel de confian\u00e7a \u00e9 de 95%.<br \/>\n<\/span><\/div>\n<\/div>\n<\/div>\n<\/div>\n","protected":false},"excerpt":{"rendered":"<p>Pesquisa mostra que 44% da popula\u00e7\u00e3o avaliam que governo atual \u00e9 igual ao de Dilma Rousseff O presidente em exerc\u00edcio Michel Temer ainda n\u00e3o conquistou a confian\u00e7a e a aprova\u00e7\u00e3o dos brasileiros.\u00a0 Apenas 13% da popula\u00e7\u00e3o avaliam o governo Temer como \u00f3timo ou bom, 36% consideram regular e 39% dizem que \u00e9 ruim ou p\u00e9ssimo, informa a pesquisa trimestral CNI-Ibope, [&hellip;]<\/p>\n","protected":false},"author":27,"featured_media":0,"comment_status":"open","ping_status":"closed","sticky":false,"template":"","format":"standard","meta":{"footnotes":""},"categories":[1,2719],"tags":[2615,734,2619,2613,1570,98,2618,2614,187,2617,2616,1895,2620],"class_list":["post-2125","post","type-post","status-publish","format-standard","hentry","category-sem-categoria","category-servidor","tag-bom","tag-brasileiros","tag-cni-ibope","tag-consideram","tag-dilma-rousseff","tag-governo","tag-igual","tag-otimo","tag-pesquisa","tag-pessimo","tag-ruim","tag-temer","tag-trimestral"],"_links":{"self":[{"href":"https:\/\/blogs.correiobraziliense.com.br\/servidor\/wp-json\/wp\/v2\/posts\/2125","targetHints":{"allow":["GET"]}}],"collection":[{"href":"https:\/\/blogs.correiobraziliense.com.br\/servidor\/wp-json\/wp\/v2\/posts"}],"about":[{"href":"https:\/\/blogs.correiobraziliense.com.br\/servidor\/wp-json\/wp\/v2\/types\/post"}],"author":[{"embeddable":true,"href":"https:\/\/blogs.correiobraziliense.com.br\/servidor\/wp-json\/wp\/v2\/users\/27"}],"replies":[{"embeddable":true,"href":"https:\/\/blogs.correiobraziliense.com.br\/servidor\/wp-json\/wp\/v2\/comments?post=2125"}],"version-history":[{"count":1,"href":"https:\/\/blogs.correiobraziliense.com.br\/servidor\/wp-json\/wp\/v2\/posts\/2125\/revisions"}],"predecessor-version":[{"id":2126,"href":"https:\/\/blogs.correiobraziliense.com.br\/servidor\/wp-json\/wp\/v2\/posts\/2125\/revisions\/2126"}],"wp:attachment":[{"href":"https:\/\/blogs.correiobraziliense.com.br\/servidor\/wp-json\/wp\/v2\/media?parent=2125"}],"wp:term":[{"taxonomy":"category","embeddable":true,"href":"https:\/\/blogs.correiobraziliense.com.br\/servidor\/wp-json\/wp\/v2\/categories?post=2125"},{"taxonomy":"post_tag","embeddable":true,"href":"https:\/\/blogs.correiobraziliense.com.br\/servidor\/wp-json\/wp\/v2\/tags?post=2125"}],"curies":[{"name":"wp","href":"https:\/\/api.w.org\/{rel}","templated":true}]}}