{"id":21248,"date":"2023-10-30T14:46:20","date_gmt":"2023-10-30T17:46:20","guid":{"rendered":"https:\/\/blogs.correiobraziliense.com.br\/servidor\/?p=21248"},"modified":"2023-10-30T14:46:20","modified_gmt":"2023-10-30T17:46:20","slug":"enap-realiza-a-competicao-datathon-desigualdades-raciais-no-servico-publico","status":"publish","type":"post","link":"https:\/\/blogs.correiobraziliense.com.br\/servidor\/enap-realiza-a-competicao-datathon-desigualdades-raciais-no-servico-publico\/","title":{"rendered":"ENAP realiza a competi\u00e7\u00e3o &#8220;DATATHON: Desigualdades Raciais no Servi\u00e7o P\u00fablico&#8221;"},"content":{"rendered":"<p>A Funda\u00e7\u00e3o Escola Nacional de Administra\u00e7\u00e3o P\u00fablica (ENAP) est\u00e1 com edital aberto para a realiza\u00e7\u00e3o do &#8220;DATATHON: Desigualdades Raciais no Servi\u00e7o P\u00fablico&#8221;, uma competi\u00e7\u00e3o de inova\u00e7\u00e3o que promove o encontro de pessoas para solucionar desafios.<\/p>\n<p>O objetivo \u00e9 obter informa\u00e7\u00f5es que possam subsidiar solu\u00e7\u00f5es de combate \u00e0s desigualdades raciais no servi\u00e7o p\u00fablico. A partir de dados dispon\u00edveis no InfoGov, o Datathon pretende receber dados articulados com conhecimentos pr\u00e9vios das equipes em forma de an\u00e1lise.<\/p>\n<p>O edital \u00e9 aberto ao p\u00fablico e destinado a servidores de \u00f3rg\u00e3os ou institui\u00e7\u00f5es p\u00fablicas, representantes de empresas, entidades privadas sem fins lucrativos, cidad\u00e3os brasileiros e estrangeiros em situa\u00e7\u00e3o regular no pa\u00eds, a partir de 18 anos de idade.<\/p>\n<p>As inscri\u00e7\u00f5es s\u00e3o individuais e podem ser feitas at\u00e9 11 de novembro, por meio do <a href=\"https:\/\/appdesafios.enap.gov.br\/desafio\/view\/datathon-desigualdades-raciais-no-servico-publico\">site do evento<\/a>. S\u00e3o ofertadas 75 vagas, e cada inscri\u00e7\u00e3o aceita dever\u00e1 integrar-se a uma equipe do Datathon, composta por quatro a seis participantes. Os selecionados poder\u00e3o formar, entre si, equipes por conta pr\u00f3pria.<\/p>\n<p>Ser\u00e3o realizadas atividades das 8h \u00e0s 18h, com intervalo para o almo\u00e7o das 12h \u00e0s 14h, entre os dias 20 a 24 de novembro.<\/p>\n<p>O Datathon receber\u00e1 qualquer contribui\u00e7\u00e3o que forne\u00e7a an\u00e1lise dos dados coletados e perspectivas interessantes. Para isso, s\u00e3o propostos seis desafios:<\/p>\n<p><strong>Desafio 1:<\/strong> o que os dados de autodeclara\u00e7\u00e3o (ra\u00e7a\/cor) de pessoas servidoras revelam sobre as barreiras de acesso ao servi\u00e7o p\u00fablico?<\/p>\n<p><strong>Desafio 2:<\/strong> onde v\u00eam atuando as lideran\u00e7as negras no servi\u00e7o p\u00fablico ao longo do tempo?<\/p>\n<p><strong>Desafio 3:<\/strong> o que os dados de representatividade de pessoas negras em cargos de n\u00edvel fundamental, m\u00e9dio e superior de escolaridade dentro do servi\u00e7o p\u00fablico revelam?<\/p>\n<p><strong>Desafio 4:<\/strong> em quais as \u00e1reas ou setores de pol\u00edticas p\u00fablicas atuam pessoas servidoras negras?<\/p>\n<p><strong>Desafio 5:<\/strong> desafio livre: traga suas ideias e deixe a criatividade falar mais alto!<\/p>\n<p><strong>Desafio 6:<\/strong> o que interfere na ocupa\u00e7\u00e3o de cargos e\/ou fun\u00e7\u00f5es de lideran\u00e7a por pessoas negras no servi\u00e7o p\u00fablico?<\/p>\n<p>Cada desafio \u00e9 independente. As equipes poder\u00e3o focar em um ou mais desafios, conforme o interesse dos integrantes. Todos os participantes receber\u00e3o certificado, mediante presen\u00e7a em 80% da programa\u00e7\u00e3o.<\/p>\n<p>Al\u00e9m disso, ser\u00e3o selecionadas as tr\u00eas melhores entregas, que ser\u00e3o premiadas com trof\u00e9us de reconhecimento e uma publica\u00e7\u00e3o com an\u00e1lises de dados feita pela pr\u00f3pria ENAP.<\/p>\n<ul>\n<li><strong>Leia mais:\u00a0<\/strong><a href=\"https:\/\/blogs.correiobraziliense.com.br\/servidor\/sindivacs-df-convoca-assembleia-para-debater-possivel-greve-e-nomeacao-de-aprovados\/\" rel=\"bookmark\">Sindivacs-DF convoca assembleia para debater poss\u00edvel greve e nomea\u00e7\u00e3o de aprovados<\/a><\/li>\n<li><a href=\"https:\/\/blogs.correiobraziliense.com.br\/servidor\/reforma-administrativa-para-esther-dweck-preposicao-quer-punir-servidores\/\" rel=\"bookmark\">Reforma administrativa: para Esther Dweck preposi\u00e7\u00e3o quer \u201cpunir servidores\u201d<\/a><\/li>\n<li><a href=\"https:\/\/blogs.correiobraziliense.com.br\/servidor\/lula-sanciona-lei-que-concede-bolsas-de-pesquisa-a-servidores-publicos\/\" rel=\"bookmark\">Lula sanciona lei que concede bolsas de pesquisa a servidores p\u00fablicos<\/a><\/li>\n<\/ul>\n","protected":false},"excerpt":{"rendered":"<p>A Funda\u00e7\u00e3o Escola Nacional de Administra\u00e7\u00e3o P\u00fablica (ENAP) est\u00e1 com edital aberto para a realiza\u00e7\u00e3o do &#8220;DATATHON: Desigualdades Raciais no Servi\u00e7o P\u00fablico&#8221;, uma competi\u00e7\u00e3o de inova\u00e7\u00e3o que promove o encontro de pessoas para solucionar desafios. O objetivo \u00e9 obter informa\u00e7\u00f5es que possam subsidiar solu\u00e7\u00f5es de combate \u00e0s desigualdades raciais no servi\u00e7o p\u00fablico. A partir de dados dispon\u00edveis no InfoGov, o [&hellip;]<\/p>\n","protected":false},"author":139,"featured_media":21249,"comment_status":"open","ping_status":"closed","sticky":false,"template":"","format":"standard","meta":{"footnotes":""},"categories":[19524,19502,19497,2719,19512],"tags":[19527,308,98,12644,5254,58],"class_list":["post-21248","post","type-post","status-publish","format-standard","has-post-thumbnail","hentry","category-governo-federal","category-premiacao","category-servico-publico","category-servidor","category-servidores-publicos","tag-detathon","tag-enap","tag-governo","tag-infogov","tag-premiacao","tag-servidores"],"_links":{"self":[{"href":"https:\/\/blogs.correiobraziliense.com.br\/servidor\/wp-json\/wp\/v2\/posts\/21248","targetHints":{"allow":["GET"]}}],"collection":[{"href":"https:\/\/blogs.correiobraziliense.com.br\/servidor\/wp-json\/wp\/v2\/posts"}],"about":[{"href":"https:\/\/blogs.correiobraziliense.com.br\/servidor\/wp-json\/wp\/v2\/types\/post"}],"author":[{"embeddable":true,"href":"https:\/\/blogs.correiobraziliense.com.br\/servidor\/wp-json\/wp\/v2\/users\/139"}],"replies":[{"embeddable":true,"href":"https:\/\/blogs.correiobraziliense.com.br\/servidor\/wp-json\/wp\/v2\/comments?post=21248"}],"version-history":[{"count":1,"href":"https:\/\/blogs.correiobraziliense.com.br\/servidor\/wp-json\/wp\/v2\/posts\/21248\/revisions"}],"predecessor-version":[{"id":21250,"href":"https:\/\/blogs.correiobraziliense.com.br\/servidor\/wp-json\/wp\/v2\/posts\/21248\/revisions\/21250"}],"wp:featuredmedia":[{"embeddable":true,"href":"https:\/\/blogs.correiobraziliense.com.br\/servidor\/wp-json\/wp\/v2\/media\/21249"}],"wp:attachment":[{"href":"https:\/\/blogs.correiobraziliense.com.br\/servidor\/wp-json\/wp\/v2\/media?parent=21248"}],"wp:term":[{"taxonomy":"category","embeddable":true,"href":"https:\/\/blogs.correiobraziliense.com.br\/servidor\/wp-json\/wp\/v2\/categories?post=21248"},{"taxonomy":"post_tag","embeddable":true,"href":"https:\/\/blogs.correiobraziliense.com.br\/servidor\/wp-json\/wp\/v2\/tags?post=21248"}],"curies":[{"name":"wp","href":"https:\/\/api.w.org\/{rel}","templated":true}]}}