{"id":21243,"date":"2023-10-27T11:38:07","date_gmt":"2023-10-27T14:38:07","guid":{"rendered":"https:\/\/blogs.correiobraziliense.com.br\/servidor\/?p=21243"},"modified":"2023-10-27T11:38:07","modified_gmt":"2023-10-27T14:38:07","slug":"sindivacs-df-convoca-assembleia-para-debater-possivel-greve-e-nomeacao-de-aprovados","status":"publish","type":"post","link":"https:\/\/blogs.correiobraziliense.com.br\/servidor\/sindivacs-df-convoca-assembleia-para-debater-possivel-greve-e-nomeacao-de-aprovados\/","title":{"rendered":"Sindivacs-DF convoca assembleia para debater poss\u00edvel greve e nomea\u00e7\u00e3o de aprovados"},"content":{"rendered":"<h2>A Assembleia Geral Extraordin\u00e1ria ocorrer\u00e1 na pr\u00f3xima ter\u00e7a-feira (31\/10), na C\u00e2mara Legislativa<\/h2>\n<p>O Sindicato dos Agentes de Vigil\u00e2ncia Ambiental em Sa\u00fade e Agentes Comunit\u00e1rios de Sa\u00fade do Distrito Federal (Sindivacs-DF) convoca os integrantes da carreira para participarem de uma Assembleia Geral Extraordin\u00e1ria.<\/p>\n<p>O momento ocorrer\u00e1 na pr\u00f3xima ter\u00e7a-feira (31\/10), na C\u00e2mara Legislativa do DF. O ato ter\u00e1 como finalidade debater sobre os seguintes assuntos:<\/p>\n<ul>\n<li>Gratifica\u00e7\u00e3o de agente comunit\u00e1rio de sa\u00fade;<\/li>\n<li>Adicional de insalubridade dos ACS e AVAS;<\/li>\n<li>Paridade de remunera\u00e7\u00e3o entre ACS e AVAS;<\/li>\n<li>Piso salarial nacional da categoria;<\/li>\n<li>Paralisa\u00e7\u00e3o da categoria (greve) com a suspens\u00e3o das atividades, em fun\u00e7\u00e3o da omiss\u00e3o do GDF no atendimento aos t\u00f3picos anteriores;<\/li>\n<li>Cronograma e nomea\u00e7\u00e3o dos aprovados no concurso.<\/li>\n<\/ul>\n<p>A assembleia ser\u00e1 dividida em dois momentos: \u00e0s 14h15, em primeira chamada, com a presen\u00e7a de maioria simples dos filiados, e \u00e0s 14h30, em segunda chamada, com qualquer n\u00famero de filiados.<\/p>\n<p>A convoca\u00e7\u00e3o foi divulgada por meio do <em>Di\u00e1rio Oficial do DF (DODF)<\/em>, na edi\u00e7\u00e3o desta sexta-feira (27\/10).<\/p>\n<h3>Concurso<\/h3>\n<p>O <a href=\"http:\/\/concursos.correioweb.com.br\/app\/noticias\/2022\/12\/26\/noticiasinterna,43887\/ses-df-abre-concurso-com-oferta-1-019-vagas-para-nivel-medio.shtml\">\u00faltimo edital para a carreira de vigil\u00e2ncia ambiental e aten\u00e7\u00e3o comunit\u00e1ria<\/a> foi publicado no final de 2022. Organizado pela Funda\u00e7\u00e3o de Apoio Tecnol\u00f3gico (Funatec), o <a href=\"http:\/\/concursos.correioweb.com.br\/app\/noticias\/2023\/09\/28\/noticiasinterna,44470\/secretaria-de-saude-do-df-divulga-gabaritos-provisorios-de-concurso.shtml\">certame<\/a> ofertou 1.019 vagas.<\/p>\n<p>Do total de oportunidades, 17 foram de preenchimento imediato e 400 para cadastro reserva para o cargo de agente de vigil\u00e2ncia, com sal\u00e1rio de R$ 4,4 mil, e 102 imediatas e 500 de cadastro reserva para agente comunit\u00e1rio, com sal\u00e1rio de R$ 1,9 mil.<\/p>\n<h3>Sobre a carreira<\/h3>\n<p>S\u00e3o atividades do cargo de agente de vigil\u00e2ncia ambiental: combate a dengue, captura de escorpi\u00f5es, a\u00e7\u00f5es educativas e preventivas contra ratos e pombos, controle qu\u00edmico para vetores, a\u00e7\u00f5es para avalia\u00e7\u00e3o de qualidade da \u00e1gua e do ar, entre outras.<\/p>\n<p>J\u00e1 os agentes comunit\u00e1rios de sa\u00fade atuam na promo\u00e7\u00e3o, prote\u00e7\u00e3o e preven\u00e7\u00e3o da sa\u00fade, acompanhando as fam\u00edlias em suas casas e orientando sobre as formas de acesso ao Sistema \u00danico de Sa\u00fade (SUS). Al\u00e9m disso, trabalham com o mapeamento e o cadastramento dos dados demogr\u00e1ficos e sociais da regi\u00e3o.<\/p>\n<ul>\n<li><strong>Leia mais:<\/strong>\u00a0<a href=\"https:\/\/blogs.correiobraziliense.com.br\/servidor\/lula-sanciona-lei-que-concede-bolsas-de-pesquisa-a-servidores-publicos\/\" rel=\"bookmark\">Lula sanciona lei que concede bolsas de pesquisa a servidores p\u00fablicos<\/a><\/li>\n<li><a href=\"https:\/\/blogs.correiobraziliense.com.br\/servidor\/reforma-administrativa-para-esther-dweck-preposicao-quer-punir-servidores\/\" rel=\"bookmark\">Reforma administrativa: para Esther Dweck preposi\u00e7\u00e3o quer \u201cpunir servidores\u201d<\/a><\/li>\n<li><a href=\"https:\/\/blogs.correiobraziliense.com.br\/servidor\/auditores-fiscais-federais-agropecuarios-fazem-ato-em-defesa-de-melhorias-na-carreira\/\" rel=\"bookmark\">Auditores fiscais federais agropecu\u00e1rios fazem ato em defesa de melhorias na carreira<\/a><\/li>\n<\/ul>\n","protected":false},"excerpt":{"rendered":"<p>A Assembleia Geral Extraordin\u00e1ria ocorrer\u00e1 na pr\u00f3xima ter\u00e7a-feira (31\/10), na C\u00e2mara Legislativa O Sindicato dos Agentes de Vigil\u00e2ncia Ambiental em Sa\u00fade e Agentes Comunit\u00e1rios de Sa\u00fade do Distrito Federal (Sindivacs-DF) convoca os integrantes da carreira para participarem de uma Assembleia Geral Extraordin\u00e1ria. O momento ocorrer\u00e1 na pr\u00f3xima ter\u00e7a-feira (31\/10), na C\u00e2mara Legislativa do DF. O ato ter\u00e1 como finalidade debater [&hellip;]<\/p>\n","protected":false},"author":139,"featured_media":21185,"comment_status":"open","ping_status":"closed","sticky":false,"template":"","format":"standard","meta":{"footnotes":""},"categories":[19515,19524,19517,19497,2719,19512],"tags":[518,9736,93,98,15,8,58,19,261],"class_list":["post-21243","post","type-post","status-publish","format-standard","has-post-thumbnail","hentry","category-cldf","category-governo-federal","category-reajuste-salarial","category-servico-publico","category-servidor","category-servidores-publicos","tag-assembleia","tag-cldf","tag-concurso","tag-governo","tag-greve","tag-servidor","tag-servidores","tag-trabalhadores","tag-trabalho"],"_links":{"self":[{"href":"https:\/\/blogs.correiobraziliense.com.br\/servidor\/wp-json\/wp\/v2\/posts\/21243","targetHints":{"allow":["GET"]}}],"collection":[{"href":"https:\/\/blogs.correiobraziliense.com.br\/servidor\/wp-json\/wp\/v2\/posts"}],"about":[{"href":"https:\/\/blogs.correiobraziliense.com.br\/servidor\/wp-json\/wp\/v2\/types\/post"}],"author":[{"embeddable":true,"href":"https:\/\/blogs.correiobraziliense.com.br\/servidor\/wp-json\/wp\/v2\/users\/139"}],"replies":[{"embeddable":true,"href":"https:\/\/blogs.correiobraziliense.com.br\/servidor\/wp-json\/wp\/v2\/comments?post=21243"}],"version-history":[{"count":1,"href":"https:\/\/blogs.correiobraziliense.com.br\/servidor\/wp-json\/wp\/v2\/posts\/21243\/revisions"}],"predecessor-version":[{"id":21244,"href":"https:\/\/blogs.correiobraziliense.com.br\/servidor\/wp-json\/wp\/v2\/posts\/21243\/revisions\/21244"}],"wp:featuredmedia":[{"embeddable":true,"href":"https:\/\/blogs.correiobraziliense.com.br\/servidor\/wp-json\/wp\/v2\/media\/21185"}],"wp:attachment":[{"href":"https:\/\/blogs.correiobraziliense.com.br\/servidor\/wp-json\/wp\/v2\/media?parent=21243"}],"wp:term":[{"taxonomy":"category","embeddable":true,"href":"https:\/\/blogs.correiobraziliense.com.br\/servidor\/wp-json\/wp\/v2\/categories?post=21243"},{"taxonomy":"post_tag","embeddable":true,"href":"https:\/\/blogs.correiobraziliense.com.br\/servidor\/wp-json\/wp\/v2\/tags?post=21243"}],"curies":[{"name":"wp","href":"https:\/\/api.w.org\/{rel}","templated":true}]}}