{"id":21236,"date":"2023-10-13T16:34:50","date_gmt":"2023-10-13T19:34:50","guid":{"rendered":"https:\/\/blogs.correiobraziliense.com.br\/servidor\/?p=21236"},"modified":"2023-10-13T16:34:50","modified_gmt":"2023-10-13T19:34:50","slug":"lula-sanciona-lei-que-concede-bolsas-de-pesquisa-a-servidores-publicos","status":"publish","type":"post","link":"https:\/\/blogs.correiobraziliense.com.br\/servidor\/lula-sanciona-lei-que-concede-bolsas-de-pesquisa-a-servidores-publicos\/","title":{"rendered":"Lula sanciona lei que concede bolsas de pesquisa a servidores p\u00fablicos"},"content":{"rendered":"<p>O presidente da Rep\u00fablica, Luiz In\u00e1cio Lula da Silva (PT), sancionou a <a href=\"http:\/\/www.planalto.gov.br\/ccivil_03\/_ato2023-2026\/2023\/lei\/L14695.htm\">Lei 14.695<\/a>, que concede bolsas de estudos aos servidores p\u00fablicos envolvidos em atividades de pesquisa. A lei foi publicada no <em><a href=\"https:\/\/www.in.gov.br\/servicos\/diario-oficial-da-uniao\">Di\u00e1rio Oficial da Uni\u00e3o (DOU)<\/a><\/em> da \u00faltima quarta-feira (11\/10), com um veto.<\/p>\n<p>Lula rejeitou um dispositivo inserido pelos senadores quando a mat\u00e9ria foi votada no Senado, que permitia a t\u00e9cnicos administrativos que atuam em institui\u00e7\u00f5es federais de ensino receberem bolsas de pesquisa, de desenvolvimento, de inova\u00e7\u00e3o e de interc\u00e2mbio.<\/p>\n<p>O presidente n\u00e3o acatou a medida sob a justificativa de que a mat\u00e9ria era inconstitucional, por ser um tema pertinente ao regime jur\u00eddico de servidores p\u00fablicos civis da Uni\u00e3o, conforme interpreta\u00e7\u00e3o do STF sobre o assunto.<\/p>\n<p>A medida altera a <a href=\"https:\/\/www.planalto.gov.br\/ccivil_03\/_ato2007-2010\/2008\/lei\/l11892.htm\">Lei 11.892<\/a>, de 2008, para permitir que os institutos federais concedam bolsas de pesquisa a ocupantes de cargos p\u00fablicos efetivos e detentores de fun\u00e7\u00e3o ou de emprego p\u00fablico efetivamente envolvido com essas atividades.<\/p>\n<p>At\u00e9 ent\u00e3o, a legisla\u00e7\u00e3o permitia a oferta de bolsas a alunos, docentes e pesquisadores externos ou de empresas. As bolsas ser\u00e3o concedidas sob regulamenta\u00e7\u00e3o do Minist\u00e9rio da Educa\u00e7\u00e3o. No entanto, o projeto j\u00e1 determina que s\u00f3 poder\u00e3o ser atendidos os servidores p\u00fablicos efetivos.<\/p>\n<p>O veto ser\u00e1 analisado por sess\u00e3o a ser realizada no Congresso Nacional e poder\u00e1 ser derrubado, caso os parlamentares concedam a maioria dos votos, ou seja, 257 votos de deputados e 41 de senadores.<\/p>\n<p><em>Com informa\u00e7\u00f5es da Ag\u00eancia Senado*<\/em><\/p>\n<ul>\n<li><a href=\"https:\/\/blogs.correiobraziliense.com.br\/servidor\/auditores-fiscais-federais-agropecuarios-fazem-ato-em-defesa-de-melhorias-na-carreira\/\" rel=\"bookmark\">Auditores fiscais federais agropecu\u00e1rios fazem ato em defesa de melhorias na carreira<\/a><\/li>\n<li><a href=\"https:\/\/blogs.correiobraziliense.com.br\/servidor\/maioria-do-stf-e-a-favor-de-reajuste-do-inss-a-servidor-aposentado-antes-de-2008\/\" rel=\"bookmark\">Maioria do STF \u00e9 a favor de reajuste do INSS a servidor aposentado antes de 2008<\/a><\/li>\n<li><a href=\"https:\/\/blogs.correiobraziliense.com.br\/servidor\/setembro-amarelo-sindicato-de-servidores-do-itamaraty-discute-saude-mental-no-funcionalismo-publico\/\" rel=\"bookmark\">Setembro amarelo: Sindicato de servidores do Itamaraty discute sa\u00fade mental no funcionalismo p\u00fablico<\/a><\/li>\n<\/ul>\n","protected":false},"excerpt":{"rendered":"<p>O presidente da Rep\u00fablica, Luiz In\u00e1cio Lula da Silva (PT), sancionou a Lei 14.695, que concede bolsas de estudos aos servidores p\u00fablicos envolvidos em atividades de pesquisa. A lei foi publicada no Di\u00e1rio Oficial da Uni\u00e3o (DOU) da \u00faltima quarta-feira (11\/10), com um veto. Lula rejeitou um dispositivo inserido pelos senadores quando a mat\u00e9ria foi votada no Senado, que permitia [&hellip;]<\/p>\n","protected":false},"author":139,"featured_media":21201,"comment_status":"open","ping_status":"closed","sticky":false,"template":"","format":"standard","meta":{"footnotes":""},"categories":[19524,19497,2719,19512,19525],"tags":[19526,98,102,1361,8,58,34,19],"class_list":["post-21236","post","type-post","status-publish","format-standard","has-post-thumbnail","hentry","category-governo-federal","category-servico-publico","category-servidor","category-servidores-publicos","category-stf","tag-bolsas-de-pesquisa","tag-governo","tag-lei","tag-lula","tag-servidor","tag-servidores","tag-stf","tag-trabalhadores"],"_links":{"self":[{"href":"https:\/\/blogs.correiobraziliense.com.br\/servidor\/wp-json\/wp\/v2\/posts\/21236","targetHints":{"allow":["GET"]}}],"collection":[{"href":"https:\/\/blogs.correiobraziliense.com.br\/servidor\/wp-json\/wp\/v2\/posts"}],"about":[{"href":"https:\/\/blogs.correiobraziliense.com.br\/servidor\/wp-json\/wp\/v2\/types\/post"}],"author":[{"embeddable":true,"href":"https:\/\/blogs.correiobraziliense.com.br\/servidor\/wp-json\/wp\/v2\/users\/139"}],"replies":[{"embeddable":true,"href":"https:\/\/blogs.correiobraziliense.com.br\/servidor\/wp-json\/wp\/v2\/comments?post=21236"}],"version-history":[{"count":1,"href":"https:\/\/blogs.correiobraziliense.com.br\/servidor\/wp-json\/wp\/v2\/posts\/21236\/revisions"}],"predecessor-version":[{"id":21237,"href":"https:\/\/blogs.correiobraziliense.com.br\/servidor\/wp-json\/wp\/v2\/posts\/21236\/revisions\/21237"}],"wp:featuredmedia":[{"embeddable":true,"href":"https:\/\/blogs.correiobraziliense.com.br\/servidor\/wp-json\/wp\/v2\/media\/21201"}],"wp:attachment":[{"href":"https:\/\/blogs.correiobraziliense.com.br\/servidor\/wp-json\/wp\/v2\/media?parent=21236"}],"wp:term":[{"taxonomy":"category","embeddable":true,"href":"https:\/\/blogs.correiobraziliense.com.br\/servidor\/wp-json\/wp\/v2\/categories?post=21236"},{"taxonomy":"post_tag","embeddable":true,"href":"https:\/\/blogs.correiobraziliense.com.br\/servidor\/wp-json\/wp\/v2\/tags?post=21236"}],"curies":[{"name":"wp","href":"https:\/\/api.w.org\/{rel}","templated":true}]}}