{"id":21228,"date":"2023-10-02T14:21:23","date_gmt":"2023-10-02T17:21:23","guid":{"rendered":"https:\/\/blogs.correiobraziliense.com.br\/servidor\/?p=21228"},"modified":"2023-10-02T14:21:23","modified_gmt":"2023-10-02T17:21:23","slug":"maioria-do-stf-e-a-favor-de-reajuste-do-inss-a-servidor-aposentado-antes-de-2008","status":"publish","type":"post","link":"https:\/\/blogs.correiobraziliense.com.br\/servidor\/maioria-do-stf-e-a-favor-de-reajuste-do-inss-a-servidor-aposentado-antes-de-2008\/","title":{"rendered":"Maioria do STF \u00e9 a favor de reajuste do INSS a servidor aposentado antes de 2008"},"content":{"rendered":"<p>A maioria dos ministros do Supremo Tribunal Federal (STF) votou a favor do reajuste de proventos e pens\u00f5es antes de 2008 pelo mesmo \u00edndice usado no Instituto Nacional do Seguro Social (INSS).<\/p>\n<p>Entre os ministros que votaram a favor est\u00e3o o relator da a\u00e7\u00e3o, Dias Toffoli; Carm\u00e9n L\u00facia; Cristiano Zanin; Andr\u00e9 Mendon\u00e7a; Rosa Weber; Edson Fachin e Alexandre de Moraes. As informa\u00e7\u00f5es s\u00e3o do jornal <em>O Globo<\/em>.<\/p>\n<p>Toffoli apresentou a tese de que \u00e9 &#8220;constitucional o reajuste de proventos e pens\u00f5es concedidos a servidores p\u00fablicos federais e seus dependentes n\u00e3o beneficiados pela garantia de paridade de revis\u00e3o, pelo mesmo \u00edndice de reajuste do regime geral de previd\u00eancia social (RGPS), previsto em normativo do Minist\u00e9rio da Previd\u00eancia Social, no per\u00edodo anterior \u00e0 Lei 11.784\/2008&#8221;.<\/p>\n<p>A vota\u00e7\u00e3o ocorreu na \u00faltima sexta-feira (29\/9). Um recurso da Uni\u00e3o contra decis\u00e3o do Tribunal Regional Federal da 4\u00aa Regi\u00e3o (TRF-4) serviu de modelo para o caso. A a\u00e7\u00e3o em quest\u00e3o pediu a corre\u00e7\u00e3o da pens\u00e3o por morte no per\u00edodo de julho de 2006, quando o benef\u00edcio come\u00e7ou a ser pago, at\u00e9 a edi\u00e7\u00e3o da medida provis\u00f3ria que foi convertida na lei de 2008.<\/p>\n<p>Segundo o <em>O Globo<\/em>, o TRF-4 argumentou que, como o reajuste era previsto em normativo do Minist\u00e9rio da Previd\u00eancia Social, os \u00edndices podem ser aplicados entre a edi\u00e7\u00e3o do ato e a vig\u00eancia da lei.<\/p>\n<ul>\n<li><strong>Leia tamb\u00e9m:<\/strong>\u00a0<a href=\"https:\/\/blogs.correiobraziliense.com.br\/servidor\/setembro-amarelo-sindicato-de-servidores-do-itamaraty-discute-saude-mental-no-funcionalismo-publico\/\" rel=\"bookmark\">Setembro amarelo: Sindicato de servidores do Itamaraty discute sa\u00fade mental no funcionalismo p\u00fablico<\/a><\/li>\n<li><a href=\"https:\/\/blogs.correiobraziliense.com.br\/servidor\/governo-federal-define-datas-para-recesso-de-fim-de-ano-de-servidores-confira\/\" rel=\"bookmark\">Governo federal define datas para recesso de fim de ano de servidores; confira<\/a><\/li>\n<li><a href=\"https:\/\/blogs.correiobraziliense.com.br\/servidor\/concurso-da-oab-e-do-cnb-vai-premiar-trabalhos-sobre-atividade-notarial-entenda\/\" rel=\"bookmark\">Concurso da OAB e do CNB vai premiar trabalhos sobre atividade notarial; entenda<\/a><\/li>\n<\/ul>\n","protected":false},"excerpt":{"rendered":"<p>A maioria dos ministros do Supremo Tribunal Federal (STF) votou a favor do reajuste de proventos e pens\u00f5es antes de 2008 pelo mesmo \u00edndice usado no Instituto Nacional do Seguro Social (INSS). Entre os ministros que votaram a favor est\u00e3o o relator da a\u00e7\u00e3o, Dias Toffoli; Carm\u00e9n L\u00facia; Cristiano Zanin; Andr\u00e9 Mendon\u00e7a; Rosa Weber; Edson Fachin e Alexandre de Moraes. [&hellip;]<\/p>\n","protected":false},"author":139,"featured_media":21229,"comment_status":"open","ping_status":"closed","sticky":false,"template":"","format":"standard","meta":{"footnotes":""},"categories":[19524,19497,2719,19512,19525],"tags":[98,11,63,30,8,58,34,19],"class_list":["post-21228","post","type-post","status-publish","format-standard","has-post-thumbnail","hentry","category-governo-federal","category-servico-publico","category-servidor","category-servidores-publicos","category-stf","tag-governo","tag-inss","tag-reajuste","tag-salarios","tag-servidor","tag-servidores","tag-stf","tag-trabalhadores"],"_links":{"self":[{"href":"https:\/\/blogs.correiobraziliense.com.br\/servidor\/wp-json\/wp\/v2\/posts\/21228","targetHints":{"allow":["GET"]}}],"collection":[{"href":"https:\/\/blogs.correiobraziliense.com.br\/servidor\/wp-json\/wp\/v2\/posts"}],"about":[{"href":"https:\/\/blogs.correiobraziliense.com.br\/servidor\/wp-json\/wp\/v2\/types\/post"}],"author":[{"embeddable":true,"href":"https:\/\/blogs.correiobraziliense.com.br\/servidor\/wp-json\/wp\/v2\/users\/139"}],"replies":[{"embeddable":true,"href":"https:\/\/blogs.correiobraziliense.com.br\/servidor\/wp-json\/wp\/v2\/comments?post=21228"}],"version-history":[{"count":1,"href":"https:\/\/blogs.correiobraziliense.com.br\/servidor\/wp-json\/wp\/v2\/posts\/21228\/revisions"}],"predecessor-version":[{"id":21230,"href":"https:\/\/blogs.correiobraziliense.com.br\/servidor\/wp-json\/wp\/v2\/posts\/21228\/revisions\/21230"}],"wp:featuredmedia":[{"embeddable":true,"href":"https:\/\/blogs.correiobraziliense.com.br\/servidor\/wp-json\/wp\/v2\/media\/21229"}],"wp:attachment":[{"href":"https:\/\/blogs.correiobraziliense.com.br\/servidor\/wp-json\/wp\/v2\/media?parent=21228"}],"wp:term":[{"taxonomy":"category","embeddable":true,"href":"https:\/\/blogs.correiobraziliense.com.br\/servidor\/wp-json\/wp\/v2\/categories?post=21228"},{"taxonomy":"post_tag","embeddable":true,"href":"https:\/\/blogs.correiobraziliense.com.br\/servidor\/wp-json\/wp\/v2\/tags?post=21228"}],"curies":[{"name":"wp","href":"https:\/\/api.w.org\/{rel}","templated":true}]}}