{"id":21223,"date":"2023-09-27T14:47:07","date_gmt":"2023-09-27T17:47:07","guid":{"rendered":"https:\/\/blogs.correiobraziliense.com.br\/servidor\/?p=21223"},"modified":"2023-09-27T14:47:54","modified_gmt":"2023-09-27T17:47:54","slug":"setembro-amarelo-sindicato-de-servidores-do-itamaraty-discute-saude-mental-no-funcionalismo-publico","status":"publish","type":"post","link":"https:\/\/blogs.correiobraziliense.com.br\/servidor\/setembro-amarelo-sindicato-de-servidores-do-itamaraty-discute-saude-mental-no-funcionalismo-publico\/","title":{"rendered":"Setembro amarelo: Sindicato de servidores do Itamaraty discute sa\u00fade mental no funcionalismo p\u00fablico"},"content":{"rendered":"<h2>O evento ocorre nesta sexta-feira (29\/9), no Pal\u00e1cio Itamaraty, a partir das 14h<\/h2>\n<p>O Sindicato Nacional dos Servidores do Minist\u00e9rio das Rela\u00e7\u00f5es Exteriores (Sinditamaraty), promove, nesta sexta-feira (29\/9), uma palestra sobre acolhimento com objetivo de abordar como situa\u00e7\u00f5es de ass\u00e9dio no ambiente de trabalho pioram a sa\u00fade mental dos servidores p\u00fablicos.<\/p>\n<p>A atividade faz parte da campanha de setembro amarelo, com a\u00e7\u00f5es de preven\u00e7\u00e3o ao suic\u00eddio. O evento contar\u00e1 com a participa\u00e7\u00e3o da psic\u00f3loga Karina Okajima Fukumitsu, e ser\u00e1 realizado no audit\u00f3rio Wladimir Murtinho, no Pal\u00e1cio Itamaraty, a partir das 14h.<\/p>\n<p>Para participar do evento \u00e9 necess\u00e1rio se inscrever por meio do site oficial do Sinditamaraty. <a href=\"https:\/\/www.sinditamaraty.org.br\/noticias\/sinditamaraty-apresenta-palestra-acolhimento--vida-em-tempos-de-vulnerabilidade-com-a-psicloga-karina-okajima-fukumitsu\">Acesse a p\u00e1gina clicando aqui.<\/a><\/p>\n<h3>Casos de ass\u00e9dio<\/h3>\n<p>Nos \u00faltimos anos, debates sobre sa\u00fade mental vem ganhando cada vez mais espa\u00e7o. No servi\u00e7o p\u00fablico federal, os crescentes casos de ass\u00e9dio motivaram a cria\u00e7\u00e3o do grupo de trabalho interministerial para discutir sobre o tema.<\/p>\n<p>Apenas entre janeiro a setembro deste ano, 2.875 den\u00fancias de ass\u00e9dio foram registradas, sendo mais da metade an\u00f4nimas.<\/p>\n<p>Alguns casos chegaram a ser fatais, como o da escriv\u00e3 da Pol\u00edcia Civil de Minas Gerais (PCMG), Rafaela Drumond, e dos servidores do Minist\u00e9rio P\u00fablico de S\u00e3o Paulo (MPSP), que chocaram o pa\u00eds.<\/p>\n<ul>\n<li><strong>Leia mais:<\/strong>\u00a0<a href=\"https:\/\/blogs.correiobraziliense.com.br\/servidor\/governo-federal-define-datas-para-recesso-de-fim-de-ano-de-servidores-confira\/\" rel=\"bookmark\">Governo federal define datas para recesso de fim de ano de servidores; confira<\/a><\/li>\n<li><a href=\"https:\/\/blogs.correiobraziliense.com.br\/servidor\/concurso-da-oab-e-do-cnb-vai-premiar-trabalhos-sobre-atividade-notarial-entenda\/\" rel=\"bookmark\">Concurso da OAB e do CNB vai premiar trabalhos sobre atividade notarial; entenda<\/a><\/li>\n<li><a href=\"https:\/\/blogs.correiobraziliense.com.br\/servidor\/estabilidade-de-servidores-nao-sera-mexida-por-reforma-administrativa-diz-esther-dweck\/\" rel=\"bookmark\">Estabilidade de servidores n\u00e3o ser\u00e1 mexida por reforma administrativa, diz Esther Dweck<\/a><\/li>\n<\/ul>\n","protected":false},"excerpt":{"rendered":"<p>O evento ocorre nesta sexta-feira (29\/9), no Pal\u00e1cio Itamaraty, a partir das 14h O Sindicato Nacional dos Servidores do Minist\u00e9rio das Rela\u00e7\u00f5es Exteriores (Sinditamaraty), promove, nesta sexta-feira (29\/9), uma palestra sobre acolhimento com objetivo de abordar como situa\u00e7\u00f5es de ass\u00e9dio no ambiente de trabalho pioram a sa\u00fade mental dos servidores p\u00fablicos. A atividade faz parte da campanha de setembro amarelo, [&hellip;]<\/p>\n","protected":false},"author":139,"featured_media":21225,"comment_status":"open","ping_status":"closed","sticky":false,"template":"","format":"standard","meta":{"footnotes":""},"categories":[19524,19500,19497,2719,19512],"tags":[1164,98,1869,7751,16205,8,58,19],"class_list":["post-21223","post","type-post","status-publish","format-standard","has-post-thumbnail","hentry","category-governo-federal","category-saude-mental","category-servico-publico","category-servidor","category-servidores-publicos","tag-funcionalismo","tag-governo","tag-itamaraty","tag-palestra","tag-saude-mental","tag-servidor","tag-servidores","tag-trabalhadores"],"_links":{"self":[{"href":"https:\/\/blogs.correiobraziliense.com.br\/servidor\/wp-json\/wp\/v2\/posts\/21223","targetHints":{"allow":["GET"]}}],"collection":[{"href":"https:\/\/blogs.correiobraziliense.com.br\/servidor\/wp-json\/wp\/v2\/posts"}],"about":[{"href":"https:\/\/blogs.correiobraziliense.com.br\/servidor\/wp-json\/wp\/v2\/types\/post"}],"author":[{"embeddable":true,"href":"https:\/\/blogs.correiobraziliense.com.br\/servidor\/wp-json\/wp\/v2\/users\/139"}],"replies":[{"embeddable":true,"href":"https:\/\/blogs.correiobraziliense.com.br\/servidor\/wp-json\/wp\/v2\/comments?post=21223"}],"version-history":[{"count":2,"href":"https:\/\/blogs.correiobraziliense.com.br\/servidor\/wp-json\/wp\/v2\/posts\/21223\/revisions"}],"predecessor-version":[{"id":21227,"href":"https:\/\/blogs.correiobraziliense.com.br\/servidor\/wp-json\/wp\/v2\/posts\/21223\/revisions\/21227"}],"wp:featuredmedia":[{"embeddable":true,"href":"https:\/\/blogs.correiobraziliense.com.br\/servidor\/wp-json\/wp\/v2\/media\/21225"}],"wp:attachment":[{"href":"https:\/\/blogs.correiobraziliense.com.br\/servidor\/wp-json\/wp\/v2\/media?parent=21223"}],"wp:term":[{"taxonomy":"category","embeddable":true,"href":"https:\/\/blogs.correiobraziliense.com.br\/servidor\/wp-json\/wp\/v2\/categories?post=21223"},{"taxonomy":"post_tag","embeddable":true,"href":"https:\/\/blogs.correiobraziliense.com.br\/servidor\/wp-json\/wp\/v2\/tags?post=21223"}],"curies":[{"name":"wp","href":"https:\/\/api.w.org\/{rel}","templated":true}]}}