{"id":21218,"date":"2023-09-22T12:17:49","date_gmt":"2023-09-22T15:17:49","guid":{"rendered":"https:\/\/blogs.correiobraziliense.com.br\/servidor\/?p=21218"},"modified":"2023-09-22T12:23:20","modified_gmt":"2023-09-22T15:23:20","slug":"governo-federal-define-datas-para-recesso-de-fim-de-ano-de-servidores-confira","status":"publish","type":"post","link":"https:\/\/blogs.correiobraziliense.com.br\/servidor\/governo-federal-define-datas-para-recesso-de-fim-de-ano-de-servidores-confira\/","title":{"rendered":"Governo federal define datas para recesso de fim de ano de servidores; confira"},"content":{"rendered":"<p>O governo federal publicou orienta\u00e7\u00f5es aos \u00f3rg\u00e3os e entidades integrantes da administra\u00e7\u00e3o p\u00fablica direta, aut\u00e1rquica e fundamental, sobre o recesso para comemora\u00e7\u00e3o das festas de final de ano.<\/p>\n<p>A <a href=\"https:\/\/www.in.gov.br\/en\/web\/dou\/-\/portaria-srt\/mgi-n-5.503-de-20-de-setembro-de-2023-511431025\">Portaria SRT\/MGI N\u00ba 5.503<\/a>, que define as regras, foi publicada no Di\u00e1rio Oficial da Uni\u00e3o (DOU), na edi\u00e7\u00e3o de quinta-feira (21\/9). As normas valem aos servidores p\u00fablicos, empregados p\u00fablicos, contratados tempor\u00e1rios e estagi\u00e1rios.<\/p>\n<p>O recesso compreender\u00e1 os per\u00edodos de 26 a 29 de dezembro e de 2 a 5 de janeiro. Os trabalhadores dever\u00e3o se revezar nos dois per\u00edodos. Segundo o documento, o per\u00edodo dever\u00e1 ser compensado entre 2 de outubro a 31 de maio de 2024, seguindo as regras:<\/p>\n<ul>\n<li>Para os agentes p\u00fablicos que exercem as suas atividades presencialmente e n\u00e3o participam do Programa de Gest\u00e3o e Desempenho (PGD), a referida compensa\u00e7\u00e3o dever\u00e1 ser realizada mediante antecipa\u00e7\u00e3o do in\u00edcio da jornada di\u00e1ria de trabalho ou de sua posterga\u00e7\u00e3o, respeitando-se o hor\u00e1rio de funcionamento do \u00f3rg\u00e3o ou entidade; e<\/li>\n<li>Para os agentes p\u00fablicos que est\u00e3o participando do Programa de Gest\u00e3o e Desempenho (PGD), na modalidade presencial ou teletrabalho, em regime de execu\u00e7\u00e3o integral ou parcial, a referida compensa\u00e7\u00e3o dever\u00e1 ser realizada pelo cumprimento de todas as entregas pactuadas no plano de trabalho equivalentes \u00e0s horas a serem compensadas.<\/li>\n<\/ul>\n<p>Aqueles que n\u00e3o compensarem as horas no tempo estabelecido sofrer\u00e3o desconto na remunera\u00e7\u00e3o. A compensa\u00e7\u00e3o de hor\u00e1rio \u00e9 limitada a 2h di\u00e1rias para servidores p\u00fablicos, empregados p\u00fablicos e contratados tempor\u00e1rios, e 1h di\u00e1ria para os estagi\u00e1rios.<\/p>\n<p>Os que optarem por n\u00e3o exercer a compensa\u00e7\u00e3o de horas dever\u00e3o manter a jornada normal de trabalho.<\/p>\n<ul>\n<li><strong>Leia tamb\u00e9m:<\/strong>\u00a0<a href=\"https:\/\/blogs.correiobraziliense.com.br\/servidor\/concurso-da-oab-e-do-cnb-vai-premiar-trabalhos-sobre-atividade-notarial-entenda\/\" rel=\"bookmark\">Concurso da OAB e do CNB vai premiar trabalhos sobre atividade notarial; entenda<\/a><\/li>\n<li><a href=\"https:\/\/blogs.correiobraziliense.com.br\/servidor\/estabilidade-de-servidores-nao-sera-mexida-por-reforma-administrativa-diz-esther-dweck\/\" rel=\"bookmark\">Estabilidade de servidores n\u00e3o ser\u00e1 mexida por reforma administrativa, diz Esther Dweck<\/a><\/li>\n<li><a href=\"https:\/\/blogs.correiobraziliense.com.br\/servidor\/iphan-lanca-mestrado-em-preservacao-do-patrimonio-cultural-para-servidores\/\" rel=\"bookmark\">Iphan lan\u00e7a mestrado em Preserva\u00e7\u00e3o do Patrim\u00f4nio Cultural para servidores<\/a><\/li>\n<\/ul>\n","protected":false},"excerpt":{"rendered":"<p>O governo federal publicou orienta\u00e7\u00f5es aos \u00f3rg\u00e3os e entidades integrantes da administra\u00e7\u00e3o p\u00fablica direta, aut\u00e1rquica e fundamental, sobre o recesso para comemora\u00e7\u00e3o das festas de final de ano. A Portaria SRT\/MGI N\u00ba 5.503, que define as regras, foi publicada no Di\u00e1rio Oficial da Uni\u00e3o (DOU), na edi\u00e7\u00e3o de quinta-feira (21\/9). As normas valem aos servidores p\u00fablicos, empregados p\u00fablicos, contratados tempor\u00e1rios [&hellip;]<\/p>\n","protected":false},"author":139,"featured_media":21219,"comment_status":"open","ping_status":"closed","sticky":false,"template":"","format":"standard","meta":{"footnotes":""},"categories":[19524,19497,2719,19512],"tags":[1769,56,98,437,1167,241,8,58,19,261],"class_list":["post-21218","post","type-post","status-publish","format-standard","has-post-thumbnail","hentry","category-governo-federal","category-servico-publico","category-servidor","category-servidores-publicos","tag-dou","tag-estado","tag-governo","tag-norma","tag-portaria","tag-publico","tag-servidor","tag-servidores","tag-trabalhadores","tag-trabalho"],"_links":{"self":[{"href":"https:\/\/blogs.correiobraziliense.com.br\/servidor\/wp-json\/wp\/v2\/posts\/21218","targetHints":{"allow":["GET"]}}],"collection":[{"href":"https:\/\/blogs.correiobraziliense.com.br\/servidor\/wp-json\/wp\/v2\/posts"}],"about":[{"href":"https:\/\/blogs.correiobraziliense.com.br\/servidor\/wp-json\/wp\/v2\/types\/post"}],"author":[{"embeddable":true,"href":"https:\/\/blogs.correiobraziliense.com.br\/servidor\/wp-json\/wp\/v2\/users\/139"}],"replies":[{"embeddable":true,"href":"https:\/\/blogs.correiobraziliense.com.br\/servidor\/wp-json\/wp\/v2\/comments?post=21218"}],"version-history":[{"count":2,"href":"https:\/\/blogs.correiobraziliense.com.br\/servidor\/wp-json\/wp\/v2\/posts\/21218\/revisions"}],"predecessor-version":[{"id":21221,"href":"https:\/\/blogs.correiobraziliense.com.br\/servidor\/wp-json\/wp\/v2\/posts\/21218\/revisions\/21221"}],"wp:featuredmedia":[{"embeddable":true,"href":"https:\/\/blogs.correiobraziliense.com.br\/servidor\/wp-json\/wp\/v2\/media\/21219"}],"wp:attachment":[{"href":"https:\/\/blogs.correiobraziliense.com.br\/servidor\/wp-json\/wp\/v2\/media?parent=21218"}],"wp:term":[{"taxonomy":"category","embeddable":true,"href":"https:\/\/blogs.correiobraziliense.com.br\/servidor\/wp-json\/wp\/v2\/categories?post=21218"},{"taxonomy":"post_tag","embeddable":true,"href":"https:\/\/blogs.correiobraziliense.com.br\/servidor\/wp-json\/wp\/v2\/tags?post=21218"}],"curies":[{"name":"wp","href":"https:\/\/api.w.org\/{rel}","templated":true}]}}