{"id":21215,"date":"2023-09-20T09:38:42","date_gmt":"2023-09-20T12:38:42","guid":{"rendered":"https:\/\/blogs.correiobraziliense.com.br\/servidor\/?p=21215"},"modified":"2023-09-20T09:38:42","modified_gmt":"2023-09-20T12:38:42","slug":"concurso-da-oab-e-do-cnb-vai-premiar-trabalhos-sobre-atividade-notarial-entenda","status":"publish","type":"post","link":"https:\/\/blogs.correiobraziliense.com.br\/servidor\/concurso-da-oab-e-do-cnb-vai-premiar-trabalhos-sobre-atividade-notarial-entenda\/","title":{"rendered":"Concurso da OAB e do CNB vai premiar trabalhos sobre atividade notarial; entenda"},"content":{"rendered":"<h2>Inscri\u00e7\u00f5es est\u00e3o abertas e podem ser feitas at\u00e9 4 de outubro, por meio do site oficial do evento<\/h2>\n<p>O Col\u00e9gio Notarial do Brasil, em parceria com a Ordem dos Advogados do Brasil (OAB), vai premiar trabalhos sobre novas propostas de atua\u00e7\u00e3o da atividade notarial, que contribuam para a desobstru\u00e7\u00e3o da Justi\u00e7a, seguran\u00e7a jur\u00eddica e paz social.<\/p>\n<p>A proposta \u00e9 destinada a tabeli\u00e3es, prepostos, advogados e estudantes de todo o pa\u00eds. As inscri\u00e7\u00f5es est\u00e3o abertas e podem ser feitas at\u00e9 4 de outubro, por meio do site oficial do evento. <a href=\"https:\/\/eventos.notariado.org.br\/\">Clique aqui e se inscreva.<\/a><\/p>\n<p>Ap\u00f3s este prazo, uma comiss\u00e3o ir\u00e1 julgar e analisar os artigos. Os finalistas ser\u00e3o anunciados em 20 de outubro. J\u00e1 o resultado final e a entrega dos certificados e pr\u00eamios ocorrer\u00e3o em 10 de novembro.<\/p>\n<p>O concurso faz parte do Encontro Mundial do Notariado e do XXV Congresso Notarial Brasileiro, que ocorre entre 6 e 10 de novembro, em Bras\u00edlia. O tema do evento \u00e9 \u201cDesjudicializa\u00e7\u00e3o e a Atividade Notarial\u201d.<\/p>\n<p>Giselle Oliveira de Barros, presidente do CNB Conselho Federal (CNB\/CF), destaca que o concurso &#8220;representa uma oportunidade \u00fanica para tabeli\u00e3es, prepostos e advogados e estudantes de todo o pa\u00eds demonstrarem suas ideias criativas e inovadoras sobre como a desjudicializa\u00e7\u00e3o pode ser implementada de maneira eficiente na atividade&#8221;.<\/p>\n<p>&#8220;Atrav\u00e9s deste evento, estamos n\u00e3o s\u00f3 fomentando o desenvolvimento de solu\u00e7\u00f5es acess\u00edveis, mas tamb\u00e9m incentivando a colabora\u00e7\u00e3o e o compartilhamento de conhecimento para moldar um sistema mais inclusivo e eficiente para todos os cidad\u00e3os&#8221;, complementou.<\/p>\n<p>O evento ir\u00e1 reunir tabeli\u00e3es de notas de todo o Brasil ao lado de profissonais de outros 91 pa\u00edses do mundo que adotam o modelo do notariado latino, o mesmo praticado no Brasil. O Congresso acontecer\u00e1 no Hotel Royal Tulip.<\/p>\n<p><em>Com informa\u00e7\u00f5es da CNB<\/em><\/p>\n<ul>\n<li><strong>Leia tamb\u00e9m:<\/strong>\u00a0<a href=\"https:\/\/blogs.correiobraziliense.com.br\/servidor\/estabilidade-de-servidores-nao-sera-mexida-por-reforma-administrativa-diz-esther-dweck\/\" rel=\"bookmark\">Estabilidade de servidores n\u00e3o ser\u00e1 mexida por reforma administrativa, diz Esther Dweck<\/a><\/li>\n<li><a href=\"https:\/\/blogs.correiobraziliense.com.br\/servidor\/iphan-lanca-mestrado-em-preservacao-do-patrimonio-cultural-para-servidores\/\" rel=\"bookmark\">Iphan lan\u00e7a mestrado em Preserva\u00e7\u00e3o do Patrim\u00f4nio Cultural para servidores<\/a><\/li>\n<li><a href=\"https:\/\/blogs.correiobraziliense.com.br\/servidor\/senado-vota-criacao-de-novos-cargos-publicos-e-funcoes-para-cnj-tjdft-e-trt-pi\/\" rel=\"bookmark\">Senado vota cria\u00e7\u00e3o de novos cargos p\u00fablicos e fun\u00e7\u00f5es para CNJ, TJDFT e TRT-PI<\/a><\/li>\n<\/ul>\n","protected":false},"excerpt":{"rendered":"<p>Inscri\u00e7\u00f5es est\u00e3o abertas e podem ser feitas at\u00e9 4 de outubro, por meio do site oficial do evento O Col\u00e9gio Notarial do Brasil, em parceria com a Ordem dos Advogados do Brasil (OAB), vai premiar trabalhos sobre novas propostas de atua\u00e7\u00e3o da atividade notarial, que contribuam para a desobstru\u00e7\u00e3o da Justi\u00e7a, seguran\u00e7a jur\u00eddica e paz social. A proposta \u00e9 destinada [&hellip;]<\/p>\n","protected":false},"author":139,"featured_media":21216,"comment_status":"open","ping_status":"closed","sticky":false,"template":"","format":"standard","meta":{"footnotes":""},"categories":[19502,19497],"tags":[93,116,2323,5254,8,58],"class_list":["post-21215","post","type-post","status-publish","format-standard","has-post-thumbnail","hentry","category-premiacao","category-servico-publico","tag-concurso","tag-direito","tag-magistratura","tag-premiacao","tag-servidor","tag-servidores"],"_links":{"self":[{"href":"https:\/\/blogs.correiobraziliense.com.br\/servidor\/wp-json\/wp\/v2\/posts\/21215","targetHints":{"allow":["GET"]}}],"collection":[{"href":"https:\/\/blogs.correiobraziliense.com.br\/servidor\/wp-json\/wp\/v2\/posts"}],"about":[{"href":"https:\/\/blogs.correiobraziliense.com.br\/servidor\/wp-json\/wp\/v2\/types\/post"}],"author":[{"embeddable":true,"href":"https:\/\/blogs.correiobraziliense.com.br\/servidor\/wp-json\/wp\/v2\/users\/139"}],"replies":[{"embeddable":true,"href":"https:\/\/blogs.correiobraziliense.com.br\/servidor\/wp-json\/wp\/v2\/comments?post=21215"}],"version-history":[{"count":1,"href":"https:\/\/blogs.correiobraziliense.com.br\/servidor\/wp-json\/wp\/v2\/posts\/21215\/revisions"}],"predecessor-version":[{"id":21217,"href":"https:\/\/blogs.correiobraziliense.com.br\/servidor\/wp-json\/wp\/v2\/posts\/21215\/revisions\/21217"}],"wp:featuredmedia":[{"embeddable":true,"href":"https:\/\/blogs.correiobraziliense.com.br\/servidor\/wp-json\/wp\/v2\/media\/21216"}],"wp:attachment":[{"href":"https:\/\/blogs.correiobraziliense.com.br\/servidor\/wp-json\/wp\/v2\/media?parent=21215"}],"wp:term":[{"taxonomy":"category","embeddable":true,"href":"https:\/\/blogs.correiobraziliense.com.br\/servidor\/wp-json\/wp\/v2\/categories?post=21215"},{"taxonomy":"post_tag","embeddable":true,"href":"https:\/\/blogs.correiobraziliense.com.br\/servidor\/wp-json\/wp\/v2\/tags?post=21215"}],"curies":[{"name":"wp","href":"https:\/\/api.w.org\/{rel}","templated":true}]}}