{"id":21212,"date":"2023-09-19T14:41:16","date_gmt":"2023-09-19T17:41:16","guid":{"rendered":"https:\/\/blogs.correiobraziliense.com.br\/servidor\/?p=21212"},"modified":"2023-09-19T14:41:16","modified_gmt":"2023-09-19T17:41:16","slug":"estabilidade-de-servidores-nao-sera-mexida-por-reforma-administrativa-diz-esther-dweck","status":"publish","type":"post","link":"https:\/\/blogs.correiobraziliense.com.br\/servidor\/estabilidade-de-servidores-nao-sera-mexida-por-reforma-administrativa-diz-esther-dweck\/","title":{"rendered":"Estabilidade de servidores n\u00e3o ser\u00e1 mexida por reforma administrativa, diz Esther Dweck"},"content":{"rendered":"<h2>A ministra tamb\u00e9m defende a cria\u00e7\u00e3o de um sistema de monitoramento de desempenho<\/h2>\n<p><strong>Por Raphaela Peixoto:<\/strong>\u00a0A ministra da Gest\u00e3o e Inova\u00e7\u00e3o em Servi\u00e7os P\u00fablicos, Esther Dweck, que est\u00e1 \u00e0 frente da reforma administrativa, assegurou que ser\u00e1 mantida a estabilidade do servidor na proposta do governo Lula, que est\u00e1 em discuss\u00e3o.<\/p>\n<p>\u201cA estabilidade protege o Estado. Protege o servidor? Protege, mas protege principalmente o Estado, no sentido de evitar persegui\u00e7\u00f5es pol\u00edticas ou retalia\u00e7\u00f5es contra quem denunciar malfeito\u201d, disse a ministra em entrevista ao <em>Estad\u00e3o<\/em>.<\/p>\n<p>Esther tamb\u00e9m defendeu a cria\u00e7\u00e3o de um sistema de monitoramento de desempenho. \u201cVai haver metas, uma s\u00e9rie de coisas. Isso \u00e9 a base para poder dizer depois se a pessoa de fato est\u00e1 trabalhando direito ou n\u00e3o.&#8221;<\/p>\n<p>De acordo com Dweck, o projeto de reforma administrativa est\u00e1 em discuss\u00e3o na atual gest\u00e3o. A preposi\u00e7\u00e3o ser\u00e1 estudada por um grupo de trabalho formado por representantes dos minist\u00e9rios de Gest\u00e3o, Fazenda, Planejamento e Casa Civil.<\/p>\n<p>*Estagi\u00e1ria sob supervis\u00e3o de Thays Martins<\/p>\n<ul>\n<li><strong>Leia tamb\u00e9m:<\/strong>\u00a0<a href=\"https:\/\/blogs.correiobraziliense.com.br\/servidor\/iphan-lanca-mestrado-em-preservacao-do-patrimonio-cultural-para-servidores\/\" rel=\"bookmark\">Iphan lan\u00e7a mestrado em Preserva\u00e7\u00e3o do Patrim\u00f4nio Cultural para servidores<\/a><\/li>\n<li><a href=\"https:\/\/blogs.correiobraziliense.com.br\/servidor\/criado-gt-para-elaborar-proposta-de-regulamentacao-da-negociacao-das-relacoes-de-trabalho-no-servico-publico\/\" rel=\"bookmark\">Criado GT para elaborar proposta de regulamenta\u00e7\u00e3o da negocia\u00e7\u00e3o das rela\u00e7\u00f5es de trabalho no servi\u00e7o p\u00fablico<\/a><\/li>\n<li><a href=\"https:\/\/blogs.correiobraziliense.com.br\/servidor\/selecao-do-tjdft-ira-escolher-trabalhos-sobre-prevencao-a-violencia-de-genero-nas-escolas\/\" rel=\"bookmark\">Sele\u00e7\u00e3o do TJDFT ir\u00e1 escolher trabalhos sobre preven\u00e7\u00e3o \u00e0 viol\u00eancia de g\u00eanero nas escolas<\/a><\/li>\n<\/ul>\n","protected":false},"excerpt":{"rendered":"<p>A ministra tamb\u00e9m defende a cria\u00e7\u00e3o de um sistema de monitoramento de desempenho Por Raphaela Peixoto:\u00a0A ministra da Gest\u00e3o e Inova\u00e7\u00e3o em Servi\u00e7os P\u00fablicos, Esther Dweck, que est\u00e1 \u00e0 frente da reforma administrativa, assegurou que ser\u00e1 mantida a estabilidade do servidor na proposta do governo Lula, que est\u00e1 em discuss\u00e3o. \u201cA estabilidade protege o Estado. Protege o servidor? Protege, mas [&hellip;]<\/p>\n","protected":false},"author":139,"featured_media":21213,"comment_status":"open","ping_status":"closed","sticky":false,"template":"","format":"standard","meta":{"footnotes":""},"categories":[19522,19497,19512],"tags":[19523,98,19520,15938,8,58,19,261],"class_list":["post-21212","post","type-post","status-publish","format-standard","has-post-thumbnail","hentry","category-reforma-administrativa","category-servico-publico","category-servidores-publicos","tag-esther-dweck","tag-governo","tag-mgi","tag-reforma-administrativa","tag-servidor","tag-servidores","tag-trabalhadores","tag-trabalho"],"_links":{"self":[{"href":"https:\/\/blogs.correiobraziliense.com.br\/servidor\/wp-json\/wp\/v2\/posts\/21212","targetHints":{"allow":["GET"]}}],"collection":[{"href":"https:\/\/blogs.correiobraziliense.com.br\/servidor\/wp-json\/wp\/v2\/posts"}],"about":[{"href":"https:\/\/blogs.correiobraziliense.com.br\/servidor\/wp-json\/wp\/v2\/types\/post"}],"author":[{"embeddable":true,"href":"https:\/\/blogs.correiobraziliense.com.br\/servidor\/wp-json\/wp\/v2\/users\/139"}],"replies":[{"embeddable":true,"href":"https:\/\/blogs.correiobraziliense.com.br\/servidor\/wp-json\/wp\/v2\/comments?post=21212"}],"version-history":[{"count":1,"href":"https:\/\/blogs.correiobraziliense.com.br\/servidor\/wp-json\/wp\/v2\/posts\/21212\/revisions"}],"predecessor-version":[{"id":21214,"href":"https:\/\/blogs.correiobraziliense.com.br\/servidor\/wp-json\/wp\/v2\/posts\/21212\/revisions\/21214"}],"wp:featuredmedia":[{"embeddable":true,"href":"https:\/\/blogs.correiobraziliense.com.br\/servidor\/wp-json\/wp\/v2\/media\/21213"}],"wp:attachment":[{"href":"https:\/\/blogs.correiobraziliense.com.br\/servidor\/wp-json\/wp\/v2\/media?parent=21212"}],"wp:term":[{"taxonomy":"category","embeddable":true,"href":"https:\/\/blogs.correiobraziliense.com.br\/servidor\/wp-json\/wp\/v2\/categories?post=21212"},{"taxonomy":"post_tag","embeddable":true,"href":"https:\/\/blogs.correiobraziliense.com.br\/servidor\/wp-json\/wp\/v2\/tags?post=21212"}],"curies":[{"name":"wp","href":"https:\/\/api.w.org\/{rel}","templated":true}]}}