{"id":21208,"date":"2023-08-29T13:38:40","date_gmt":"2023-08-29T16:38:40","guid":{"rendered":"https:\/\/blogs.correiobraziliense.com.br\/servidor\/?p=21208"},"modified":"2023-08-29T13:38:40","modified_gmt":"2023-08-29T16:38:40","slug":"iphan-lanca-mestrado-em-preservacao-do-patrimonio-cultural-para-servidores","status":"publish","type":"post","link":"https:\/\/blogs.correiobraziliense.com.br\/servidor\/iphan-lanca-mestrado-em-preservacao-do-patrimonio-cultural-para-servidores\/","title":{"rendered":"Iphan lan\u00e7a mestrado em Preserva\u00e7\u00e3o do Patrim\u00f4nio Cultural para servidores"},"content":{"rendered":"<p>O Instituto do Patrim\u00f4nio Hist\u00f3rico e Art\u00edstico Nacional (Iphan) lan\u00e7ou dois editais para o mestrado profissional em Preserva\u00e7\u00e3o do Patrim\u00f4nio Cultural 2023, destinado a servidores p\u00fablicos. Um dos documentos oferece vagas para<a href=\"https:\/\/www.gov.br\/iphan\/pt-br\/assuntos\/noticias\/copy_of_SEI_IPHAN4591239Edital072023.pdf\"> servidores do Iphan<\/a> e o outro \u00e9 destinado aos <a href=\"https:\/\/www.gov.br\/iphan\/pt-br\/assuntos\/noticias\/copy3_of_SEI_IPHAN4594514Edital082023.pdf\">servidores e empregados externos<\/a>. Ao todo, s\u00e3o 15 vagas.<\/p>\n<p>As inscri\u00e7\u00f5es est\u00e3o abertas e podem ser realizadas at\u00e9 o dia 3\/9, por meio da <a href=\"https:\/\/www.gov.br\/iphan\/pt-br\/assuntos\/noticias\/aberta-selecao-do-mestrado-em-preservacao-do-patrimonio-cultural-para-servidores-publicos\">p\u00e1gina oficial da sele\u00e7\u00e3o<\/a>. A candidatura ser\u00e1 feita ap\u00f3s preenchimento do formul\u00e1rio de inscri\u00e7\u00e3o, dispon\u00edvel em anexo no edital.<\/p>\n<p>Do quantitativo de oportunidades, 10 s\u00e3o para servidores do Iphan, sendo duas para cada regi\u00e3o do pa\u00eds. As cinco vagas restantes s\u00e3o para servidores e empregados p\u00fablicos que ocupam cargos efetivos de n\u00edvel superior em \u00f3rg\u00e3os, autarquias e funda\u00e7\u00f5es federais, estaduais, distritais e municipais.<\/p>\n<p>O mestrado tem como objetivo formar, de modo interdisciplinar, profissionais para o campo da preserva\u00e7\u00e3o do patrim\u00f4nio cultural, considerando a diversidade de disciplinas, quest\u00f5es e objetos envolvidos, assim como as particularidades regionais. A sele\u00e7\u00e3o tamb\u00e9m ir\u00e1 capacitar o aluno para a an\u00e1lise cr\u00edtica, formula\u00e7\u00e3o e desenvolvimento de a\u00e7\u00f5es de preserva\u00e7\u00e3o, a partir de um conhecimento que envolva aspectos sociais, hist\u00f3ricos, jur\u00eddicos e tecnol\u00f3gicos aplicados ao campo. O in\u00edcio do programa est\u00e1 previsto para 1\u00ba de novembro deste ano.<\/p>\n<h3>Trabalhos produzidos durante o mestrado<\/h3>\n<p><strong>Produ\u00e7\u00e3o t\u00e9cnica:<\/strong> As atividades de natureza pr\u00e1tica supervisionadas t\u00eam como resultado produtos diversos, dependendo da natureza dos trabalhos e da \u00e1rea de gradua\u00e7\u00e3o do aluno. O aluno tem como obriga\u00e7\u00e3o desenvolver dois produtos t\u00e9cnicos correlatos \u00e0s atividades pr\u00e1ticas supervisionadas, como requisitos do curso de mestrado, e entregar c\u00f3pia \u00e0 institui\u00e7\u00e3o de origem, \u00e0 unidade do Iphan onde for desenvolvida a pr\u00e1tica supervisionada (quando for o caso) e \u00e0 Coordena\u00e7\u00e3o do Mestrado, no formato determinado;<\/p>\n<p><strong>Planejamento de atividades:<\/strong> dever\u00e1 abranger os 24 meses do Mestrado e ser elaborado com o acompanhamento do supervisor. O planejamento dever\u00e1 contemplar a participa\u00e7\u00e3o nas atividades de rotina da institui\u00e7\u00e3o de origem ou da unidade do Iphan onde o aluno ir\u00e1 desempenhar a pr\u00e1tica e um cronograma que contemple tamb\u00e9m as avidades te\u00f3ricas previstas no edital. O planejamento dever\u00e1 ter, ainda, a previs\u00e3o dos per\u00edodos de f\u00e9rias do servidor ou empregado p\u00fablico, de modo a n\u00e3o comprometer as atividades;<\/p>\n<p><strong>Semin\u00e1rios internos e m\u00f3dulos de aulas:<\/strong> nesta etapa, o aluno dever\u00e1 organizar apresenta\u00e7\u00f5es do desenvolvimento das atividades pr\u00e1ticas e de pesquisa em semin\u00e1rios internos nas institui\u00e7\u00f5es ou, sendo o caso, nas unidades de lota\u00e7\u00e3o no Iphan onde ir\u00e1 desempenhar a pr\u00e1tica supervisionada, para promover a discuss\u00e3o de conte\u00fados com outros profissionais. Nos m\u00f3dulos de aulas, o aluno participar\u00e1 de semin\u00e1rios para apresenta\u00e7\u00e3o de seus trabalhos e desenvolver\u00e1 as atividades indicadas pelo corpo docente para avalia\u00e7\u00e3o do desempenho nas disciplinas; e<\/p>\n<p><strong>Projeto de pesquisa e disserta\u00e7\u00e3o de conclus\u00e3o do mestrado:<\/strong> o projeto de pesquisa dever\u00e1 ser relacionado \u00e0 experi\u00eancia profissional do servidor ou empregado p\u00fablico e ser entregue em abril de 2024 ao orientador e \u00e0 Coordena\u00e7\u00e3o do Mestrado. A pesquisa dever\u00e1 ser desenvolvida ao longo dos meses seguintes do curso, juntamente \u00e0s demais atividades de natureza pr\u00e1tica e te\u00f3rica. Ao final do curso, o aluno tem por responsabilidade entregar uma disserta\u00e7\u00e3o, que ser\u00e1 objeto de avalia\u00e7\u00e3o por uma banca examinadora p\u00fablica.<\/p>\n<ul>\n<li><strong>Leia mais:<\/strong>\u00a0<a href=\"https:\/\/blogs.correiobraziliense.com.br\/servidor\/senado-vota-criacao-de-novos-cargos-publicos-e-funcoes-para-cnj-tjdft-e-trt-pi\/\" rel=\"bookmark\">Senado vota cria\u00e7\u00e3o de novos cargos p\u00fablicos e fun\u00e7\u00f5es para CNJ, TJDFT e TRT-PI<\/a><\/li>\n<li><a href=\"https:\/\/blogs.correiobraziliense.com.br\/servidor\/criado-gt-para-elaborar-proposta-de-regulamentacao-da-negociacao-das-relacoes-de-trabalho-no-servico-publico\/\" rel=\"bookmark\">Criado GT para elaborar proposta de regulamenta\u00e7\u00e3o da negocia\u00e7\u00e3o das rela\u00e7\u00f5es de trabalho no servi\u00e7o p\u00fablico<\/a><\/li>\n<li><a href=\"https:\/\/blogs.correiobraziliense.com.br\/servidor\/selecao-do-tjdft-ira-escolher-trabalhos-sobre-prevencao-a-violencia-de-genero-nas-escolas\/\" rel=\"bookmark\">Sele\u00e7\u00e3o do TJDFT ir\u00e1 escolher trabalhos sobre preven\u00e7\u00e3o \u00e0 viol\u00eancia de g\u00eanero nas escolas<\/a><\/li>\n<\/ul>\n","protected":false},"excerpt":{"rendered":"<p>O Instituto do Patrim\u00f4nio Hist\u00f3rico e Art\u00edstico Nacional (Iphan) lan\u00e7ou dois editais para o mestrado profissional em Preserva\u00e7\u00e3o do Patrim\u00f4nio Cultural 2023, destinado a servidores p\u00fablicos. Um dos documentos oferece vagas para servidores do Iphan e o outro \u00e9 destinado aos servidores e empregados externos. Ao todo, s\u00e3o 15 vagas. As inscri\u00e7\u00f5es est\u00e3o abertas e podem ser realizadas at\u00e9 o [&hellip;]<\/p>\n","protected":false},"author":139,"featured_media":21209,"comment_status":"open","ping_status":"closed","sticky":false,"template":"","format":"standard","meta":{"footnotes":""},"categories":[19521,19497,2719,19512],"tags":[92,8271,424,3645,8,58,19],"class_list":["post-21208","post","type-post","status-publish","format-standard","has-post-thumbnail","hentry","category-curso","category-servico-publico","category-servidor","category-servidores-publicos","tag-edital","tag-iphan","tag-mestrado","tag-selecao","tag-servidor","tag-servidores","tag-trabalhadores"],"_links":{"self":[{"href":"https:\/\/blogs.correiobraziliense.com.br\/servidor\/wp-json\/wp\/v2\/posts\/21208","targetHints":{"allow":["GET"]}}],"collection":[{"href":"https:\/\/blogs.correiobraziliense.com.br\/servidor\/wp-json\/wp\/v2\/posts"}],"about":[{"href":"https:\/\/blogs.correiobraziliense.com.br\/servidor\/wp-json\/wp\/v2\/types\/post"}],"author":[{"embeddable":true,"href":"https:\/\/blogs.correiobraziliense.com.br\/servidor\/wp-json\/wp\/v2\/users\/139"}],"replies":[{"embeddable":true,"href":"https:\/\/blogs.correiobraziliense.com.br\/servidor\/wp-json\/wp\/v2\/comments?post=21208"}],"version-history":[{"count":1,"href":"https:\/\/blogs.correiobraziliense.com.br\/servidor\/wp-json\/wp\/v2\/posts\/21208\/revisions"}],"predecessor-version":[{"id":21210,"href":"https:\/\/blogs.correiobraziliense.com.br\/servidor\/wp-json\/wp\/v2\/posts\/21208\/revisions\/21210"}],"wp:featuredmedia":[{"embeddable":true,"href":"https:\/\/blogs.correiobraziliense.com.br\/servidor\/wp-json\/wp\/v2\/media\/21209"}],"wp:attachment":[{"href":"https:\/\/blogs.correiobraziliense.com.br\/servidor\/wp-json\/wp\/v2\/media?parent=21208"}],"wp:term":[{"taxonomy":"category","embeddable":true,"href":"https:\/\/blogs.correiobraziliense.com.br\/servidor\/wp-json\/wp\/v2\/categories?post=21208"},{"taxonomy":"post_tag","embeddable":true,"href":"https:\/\/blogs.correiobraziliense.com.br\/servidor\/wp-json\/wp\/v2\/tags?post=21208"}],"curies":[{"name":"wp","href":"https:\/\/api.w.org\/{rel}","templated":true}]}}