{"id":21200,"date":"2023-08-29T10:18:48","date_gmt":"2023-08-29T13:18:48","guid":{"rendered":"https:\/\/blogs.correiobraziliense.com.br\/servidor\/?p=21200"},"modified":"2023-08-29T10:20:12","modified_gmt":"2023-08-29T13:20:12","slug":"criado-gt-para-elaborar-proposta-de-regulamentacao-da-negociacao-das-relacoes-de-trabalho-no-servico-publico","status":"publish","type":"post","link":"https:\/\/blogs.correiobraziliense.com.br\/servidor\/criado-gt-para-elaborar-proposta-de-regulamentacao-da-negociacao-das-relacoes-de-trabalho-no-servico-publico\/","title":{"rendered":"Criado GT para elaborar proposta de regulamenta\u00e7\u00e3o da negocia\u00e7\u00e3o das rela\u00e7\u00f5es de trabalho no servi\u00e7o p\u00fablico"},"content":{"rendered":"<p>O presidente da Rep\u00fablica, Luiz In\u00e1cio Lula da Silva (PT), assinou, nesta segunda-feira (28\/8), o <a href=\"https:\/\/www.in.gov.br\/en\/web\/dou\/-\/decreto-n-11.669-de-28-de-agosto-de-2023-506328611\">decreto que cria o grupo de trabalho interministerial<\/a> para debater a regulamenta\u00e7\u00e3o da Conven\u00e7\u00e3o 151 da OIT (Organiza\u00e7\u00e3o Internacional do Trabalho). O grupo ter\u00e1 como objetivo elaborar proposta de regulamenta\u00e7\u00e3o da negocia\u00e7\u00e3o das rela\u00e7\u00f5es de trabalho no \u00e2mbito da administra\u00e7\u00e3o p\u00fablica federal.<\/p>\n<p>A Conven\u00e7\u00e3o 151 da OIT foi aprovada e ratificada pelo Brasil em 2010, no segundo governo do petista, e trata sobre o direito de sindicaliza\u00e7\u00e3o e rela\u00e7\u00f5es de trabalho na Administra\u00e7\u00e3o P\u00fablica. O Brasil \u00e9 signat\u00e1rio da conven\u00e7\u00e3o, mas n\u00e3o a regulamentou.<\/p>\n<p>O grupo de trabalho ser\u00e1 composto por vinte e quatro membros, sendo doze representantes da bancada governamental e doze representantes da bancada sindical. Os membros ser\u00e3o indicados pelos seguintes \u00f3rg\u00e3os:<\/p>\n<ul>\n<li>Minist\u00e9rio da Gest\u00e3o e da Inova\u00e7\u00e3o em Servi\u00e7os P\u00fablicos;<\/li>\n<li>Advocacia-Geral da Uni\u00e3o;<\/li>\n<li>Casa Civil da Presid\u00eancia da Rep\u00fablica;<\/li>\n<li>Minist\u00e9rio do Trabalho e Emprego;<\/li>\n<li>Secretaria de Rela\u00e7\u00f5es Institucionais da Presid\u00eancia da Rep\u00fablica; e<\/li>\n<li>Secretaria-Geral da Presid\u00eancia da Rep\u00fablica.<\/li>\n<\/ul>\n<p>Segundo o decreto, os membros do GT que se encontrarem no Distrito Federal se reunir\u00e3o presencialmente ou por videoconfer\u00eancia, e os membros que se encontrarem em outros entes federativos participar\u00e3o da reuni\u00e3o por meio de videoconfer\u00eancia. A participa\u00e7\u00e3o ser\u00e1 considerada presta\u00e7\u00e3o de servi\u00e7o p\u00fablico relevante, n\u00e3o remunerada.<\/p>\n<h3>Mais seguran\u00e7a aos servidores<\/h3>\n<p>A ministra da Gest\u00e3o e da Inova\u00e7\u00e3o em Servi\u00e7os P\u00fablicos, Esther Dweck, defende que o pa\u00eds adote regras para regulamenta\u00e7\u00e3o das rela\u00e7\u00f5es de trabalho na Administra\u00e7\u00e3o P\u00fablica, dando mais seguran\u00e7a jur\u00eddica aos servidores de que o di\u00e1logo com os governos ser\u00e1 mantido em qualquer governo que vier a assumir.<\/p>\n<p>&#8220;Ainda na transi\u00e7\u00e3o, definimos algumas prioridades para o novo governo na rela\u00e7\u00e3o com os servidores&#8221;, comentou. &#8220;O primeiro objetivo era a reabertura da Mesa de Negocia\u00e7\u00e3o, que cumprimos ainda em fevereiro. O segundo ponto era exatamente a regulamenta\u00e7\u00e3o da conven\u00e7\u00e3o 151&#8221;, completou.<\/p>\n<ul>\n<li><strong>Leia mais:\u00a0<\/strong><a href=\"https:\/\/blogs.correiobraziliense.com.br\/servidor\/selecao-do-tjdft-ira-escolher-trabalhos-sobre-prevencao-a-violencia-de-genero-nas-escolas\/\" rel=\"bookmark\">Sele\u00e7\u00e3o do TJDFT ir\u00e1 escolher trabalhos sobre preven\u00e7\u00e3o \u00e0 viol\u00eancia de g\u00eanero nas escolas<\/a><\/li>\n<li><a href=\"https:\/\/blogs.correiobraziliense.com.br\/servidor\/ministerio-da-gestao-lanca-plataforma-que-atualiza-curriculos-de-servidores-com-cursos-da-enap\/\" rel=\"bookmark\">Minist\u00e9rio da Gest\u00e3o lan\u00e7a plataforma que atualiza curr\u00edculos de servidores com cursos da Enap<\/a><\/li>\n<li><a href=\"https:\/\/blogs.correiobraziliense.com.br\/servidor\/policiais-federais-cobram-reajuste-salarial-para-o-governo-lula\/\" rel=\"bookmark\">Policiais Federais cobram reajuste salarial para o governo Lula<\/a><\/li>\n<\/ul>\n","protected":false},"excerpt":{"rendered":"<p>O presidente da Rep\u00fablica, Luiz In\u00e1cio Lula da Silva (PT), assinou, nesta segunda-feira (28\/8), o decreto que cria o grupo de trabalho interministerial para debater a regulamenta\u00e7\u00e3o da Conven\u00e7\u00e3o 151 da OIT (Organiza\u00e7\u00e3o Internacional do Trabalho). O grupo ter\u00e1 como objetivo elaborar proposta de regulamenta\u00e7\u00e3o da negocia\u00e7\u00e3o das rela\u00e7\u00f5es de trabalho no \u00e2mbito da administra\u00e7\u00e3o p\u00fablica federal. A Conven\u00e7\u00e3o 151 [&hellip;]<\/p>\n","protected":false},"author":139,"featured_media":21201,"comment_status":"open","ping_status":"closed","sticky":false,"template":"","format":"standard","meta":{"footnotes":""},"categories":[19497,2719,19512],"tags":[98,16033,260,1361,8,58,19,261],"class_list":["post-21200","post","type-post","status-publish","format-standard","has-post-thumbnail","hentry","category-servico-publico","category-servidor","category-servidores-publicos","tag-governo","tag-grupo-de-trabalho","tag-justica","tag-lula","tag-servidor","tag-servidores","tag-trabalhadores","tag-trabalho"],"_links":{"self":[{"href":"https:\/\/blogs.correiobraziliense.com.br\/servidor\/wp-json\/wp\/v2\/posts\/21200","targetHints":{"allow":["GET"]}}],"collection":[{"href":"https:\/\/blogs.correiobraziliense.com.br\/servidor\/wp-json\/wp\/v2\/posts"}],"about":[{"href":"https:\/\/blogs.correiobraziliense.com.br\/servidor\/wp-json\/wp\/v2\/types\/post"}],"author":[{"embeddable":true,"href":"https:\/\/blogs.correiobraziliense.com.br\/servidor\/wp-json\/wp\/v2\/users\/139"}],"replies":[{"embeddable":true,"href":"https:\/\/blogs.correiobraziliense.com.br\/servidor\/wp-json\/wp\/v2\/comments?post=21200"}],"version-history":[{"count":3,"href":"https:\/\/blogs.correiobraziliense.com.br\/servidor\/wp-json\/wp\/v2\/posts\/21200\/revisions"}],"predecessor-version":[{"id":21204,"href":"https:\/\/blogs.correiobraziliense.com.br\/servidor\/wp-json\/wp\/v2\/posts\/21200\/revisions\/21204"}],"wp:featuredmedia":[{"embeddable":true,"href":"https:\/\/blogs.correiobraziliense.com.br\/servidor\/wp-json\/wp\/v2\/media\/21201"}],"wp:attachment":[{"href":"https:\/\/blogs.correiobraziliense.com.br\/servidor\/wp-json\/wp\/v2\/media?parent=21200"}],"wp:term":[{"taxonomy":"category","embeddable":true,"href":"https:\/\/blogs.correiobraziliense.com.br\/servidor\/wp-json\/wp\/v2\/categories?post=21200"},{"taxonomy":"post_tag","embeddable":true,"href":"https:\/\/blogs.correiobraziliense.com.br\/servidor\/wp-json\/wp\/v2\/tags?post=21200"}],"curies":[{"name":"wp","href":"https:\/\/api.w.org\/{rel}","templated":true}]}}