{"id":21186,"date":"2023-08-10T16:31:35","date_gmt":"2023-08-10T19:31:35","guid":{"rendered":"https:\/\/blogs.correiobraziliense.com.br\/servidor\/?p=21186"},"modified":"2023-08-10T16:31:35","modified_gmt":"2023-08-10T19:31:35","slug":"policiais-federais-cobram-reajuste-salarial-para-o-governo-lula","status":"publish","type":"post","link":"https:\/\/blogs.correiobraziliense.com.br\/servidor\/policiais-federais-cobram-reajuste-salarial-para-o-governo-lula\/","title":{"rendered":"Policiais Federais cobram reajuste salarial para o governo Lula"},"content":{"rendered":"<p>Delegados e policiais federais enviaram uma carta aberta para o diretor-geral da Pol\u00edcia Federal, Andrei Passos Rodrigues, pedindo uma resposta urgente sobre o reajuste salarial da categoria. Os profissionais da seguran\u00e7a est\u00e3o insatisfeitos com os valores e cobram o governo Lula por uma recomposi\u00e7\u00e3o.<\/p>\n<p>Um trecho do documento diz que &#8220;o clima \u00e9 de extrema apreens\u00e3o de todas as categorias, sendo imperativo que tenhamos alguma sinaliza\u00e7\u00e3o concreta sobre a recomposi\u00e7\u00e3o salarial&#8221;.<\/p>\n<p>Foi concedido um reajuste de 9% aos servidores federais em maio, por\u00e9m, de acordo com as associa\u00e7\u00f5es da PF, o aumento n\u00e3o foi suficiente para cobrir a defasagem na carreira. &#8220;Sem as presentes proposi\u00e7\u00f5es ou previs\u00f5es or\u00e7ament\u00e1rias e respectivas aprova\u00e7\u00f5es, as promessas de valoriza\u00e7\u00e3o da Pol\u00edcia Federal e da reestrutura\u00e7\u00e3o ora propagandeadas por esta Dire\u00e7\u00e3o-Geral e pelo pr\u00f3prio Ministro da Justi\u00e7a, ser\u00e3o perdidas&#8221;.<\/p>\n<p>A press\u00e3o da categoria pelo reajuste salarial acontece desde o governo do ex-presidente da Rep\u00fablica Jair Bolsonaro.<\/p>\n<p>A carta \u00e9 assinada pelos presidentes da Associa\u00e7\u00e3o Nacional dos Delegados de Pol\u00edcia Federal (ADPF), Associa\u00e7\u00e3o Nacional dos Peritos Criminais Federais (APCF), Federa\u00e7\u00e3o Nacional dos Policiais Federais (Fenapef), Federa\u00e7\u00e3o Nacional dos Delegados de Pol\u00edcia Federal (Fenadepol) e do Sindicato Nacional dos Servidores do Plano Especial de Cargos da Pol\u00edcia Federal (Sinpecpf).<\/p>\n<p><em>Com informa\u00e7\u00f5es da Ag\u00eancia Estado<\/em><\/p>\n<ul>\n<li><a href=\"https:\/\/blogs.correiobraziliense.com.br\/servidor\/medida-que-reajusta-salarios-de-servidores-pode-ser-votada-nesta-quarta-9-8\/\" rel=\"bookmark\">Medida que reajusta sal\u00e1rios de servidores pode ser votada nesta quarta (9\/8)<\/a><\/li>\n<li><a href=\"https:\/\/blogs.correiobraziliense.com.br\/servidor\/cldf-aprova-projeto-que-aumenta-salarios-de-professores-da-rede-publica\/\" rel=\"bookmark\">CLDF aprova projeto que aumenta sal\u00e1rios de professores da rede p\u00fablica<\/a><\/li>\n<li><a href=\"https:\/\/blogs.correiobraziliense.com.br\/servidor\/tcdf-realiza-encontro-sobre-mobilidade-urbana-para-servidores-publicos\/\" rel=\"bookmark\">TCDF realiza encontro sobre mobilidade urbana para servidores p\u00fablicos<\/a><\/li>\n<\/ul>\n","protected":false},"excerpt":{"rendered":"<p>Delegados e policiais federais enviaram uma carta aberta para o diretor-geral da Pol\u00edcia Federal, Andrei Passos Rodrigues, pedindo uma resposta urgente sobre o reajuste salarial da categoria. Os profissionais da seguran\u00e7a est\u00e3o insatisfeitos com os valores e cobram o governo Lula por uma recomposi\u00e7\u00e3o. Um trecho do documento diz que &#8220;o clima \u00e9 de extrema apreens\u00e3o de todas as categorias, [&hellip;]<\/p>\n","protected":false},"author":139,"featured_media":21187,"comment_status":"open","ping_status":"closed","sticky":false,"template":"","format":"standard","meta":{"footnotes":""},"categories":[19517,19497,2719,19512],"tags":[88,98,151,63,18,30,208,58],"class_list":["post-21186","post","type-post","status-publish","format-standard","has-post-thumbnail","hentry","category-reajuste-salarial","category-servico-publico","category-servidor","category-servidores-publicos","tag-economia","tag-governo","tag-pagamento","tag-reajuste","tag-salarial","tag-salarios","tag-seguranca","tag-servidores"],"_links":{"self":[{"href":"https:\/\/blogs.correiobraziliense.com.br\/servidor\/wp-json\/wp\/v2\/posts\/21186","targetHints":{"allow":["GET"]}}],"collection":[{"href":"https:\/\/blogs.correiobraziliense.com.br\/servidor\/wp-json\/wp\/v2\/posts"}],"about":[{"href":"https:\/\/blogs.correiobraziliense.com.br\/servidor\/wp-json\/wp\/v2\/types\/post"}],"author":[{"embeddable":true,"href":"https:\/\/blogs.correiobraziliense.com.br\/servidor\/wp-json\/wp\/v2\/users\/139"}],"replies":[{"embeddable":true,"href":"https:\/\/blogs.correiobraziliense.com.br\/servidor\/wp-json\/wp\/v2\/comments?post=21186"}],"version-history":[{"count":1,"href":"https:\/\/blogs.correiobraziliense.com.br\/servidor\/wp-json\/wp\/v2\/posts\/21186\/revisions"}],"predecessor-version":[{"id":21188,"href":"https:\/\/blogs.correiobraziliense.com.br\/servidor\/wp-json\/wp\/v2\/posts\/21186\/revisions\/21188"}],"wp:featuredmedia":[{"embeddable":true,"href":"https:\/\/blogs.correiobraziliense.com.br\/servidor\/wp-json\/wp\/v2\/media\/21187"}],"wp:attachment":[{"href":"https:\/\/blogs.correiobraziliense.com.br\/servidor\/wp-json\/wp\/v2\/media?parent=21186"}],"wp:term":[{"taxonomy":"category","embeddable":true,"href":"https:\/\/blogs.correiobraziliense.com.br\/servidor\/wp-json\/wp\/v2\/categories?post=21186"},{"taxonomy":"post_tag","embeddable":true,"href":"https:\/\/blogs.correiobraziliense.com.br\/servidor\/wp-json\/wp\/v2\/tags?post=21186"}],"curies":[{"name":"wp","href":"https:\/\/api.w.org\/{rel}","templated":true}]}}