{"id":21182,"date":"2023-08-09T16:22:27","date_gmt":"2023-08-09T19:22:27","guid":{"rendered":"https:\/\/blogs.correiobraziliense.com.br\/servidor\/?p=21182"},"modified":"2023-08-10T16:32:41","modified_gmt":"2023-08-10T19:32:41","slug":"medida-que-reajusta-salarios-de-servidores-pode-ser-votada-nesta-quarta-9-8","status":"publish","type":"post","link":"https:\/\/blogs.correiobraziliense.com.br\/servidor\/medida-que-reajusta-salarios-de-servidores-pode-ser-votada-nesta-quarta-9-8\/","title":{"rendered":"Medida que reajusta sal\u00e1rios de servidores pode ser votada nesta quarta (9\/8)"},"content":{"rendered":"<p>A Medida Provis\u00f3ria 1170\/23, que prev\u00ea o reajuste dos sal\u00e1rios dos servidores do Executivo Federal, pode ser votada nesta quarta-feira (9\/8), na C\u00e2mara dos Deputados. O texto foi apresentado pela relatora, deputada Alice Portugal (PCdoB-BA), nesta ter\u00e7a-feira (8\/8), mas um pedido de vista adiou a vota\u00e7\u00e3o.<\/p>\n<p>Est\u00e1 previsto na medida um reajuste de 9% para todos os servidores e empregados p\u00fablicos civis do Executivo federal, al\u00e9m de aposentados, pensionistas, cargos em comiss\u00e3o, fun\u00e7\u00f5es de confian\u00e7a, fun\u00e7\u00f5es comissionadas de natureza t\u00e9cnica e equivalentes, incluindo cargos de natureza especial.<\/p>\n<p>Alice decidiu manter a vers\u00e3o enviada pelo governo, rejeitando as emendas propostas na comiss\u00e3o. A deputada ampliou a margem consign\u00e1vel de servidores federais, que, caso a medida seja aprovada, poder\u00e3o ter 45% do sal\u00e1rio dispon\u00edveis para contratar empr\u00e9stimos. Atualmente, a margem \u00e9 de 35%, sendo 10% obrigatoriemente destinados \u00e0 utiliza\u00e7\u00e3o de cart\u00e3o de cr\u00e9dito consignado e cart\u00e3o de benef\u00edcios consignado.<\/p>\n<p>A comiss\u00e3o \u00e9 presidida pelo senador Marcelo Castro (MDP-PI). Ap\u00f3s an\u00e1lise do colegiado, a medida segue para vota\u00e7\u00e3o dos plen\u00e1rios da C\u00e2mara e do Senado.<\/p>\n<p><em>Com informa\u00e7\u00f5es da Ag\u00eancia C\u00e2mara de Not\u00edcias<\/em><\/p>\n<ul>\n<li><a href=\"https:\/\/blogs.correiobraziliense.com.br\/servidor\/cldf-aprova-projeto-que-aumenta-salarios-de-professores-da-rede-publica\/\" rel=\"bookmark\">CLDF aprova projeto que aumenta sal\u00e1rios de professores da rede p\u00fablica<\/a><\/li>\n<li><a href=\"https:\/\/blogs.correiobraziliense.com.br\/servidor\/policiais-federais-cobram-reajuste-salarial-para-o-governo-lula\/\" rel=\"bookmark\">Policiais Federais cobram reajuste salarial para o governo Lula<\/a><\/li>\n<\/ul>\n","protected":false},"excerpt":{"rendered":"<p>A Medida Provis\u00f3ria 1170\/23, que prev\u00ea o reajuste dos sal\u00e1rios dos servidores do Executivo Federal, pode ser votada nesta quarta-feira (9\/8), na C\u00e2mara dos Deputados. O texto foi apresentado pela relatora, deputada Alice Portugal (PCdoB-BA), nesta ter\u00e7a-feira (8\/8), mas um pedido de vista adiou a vota\u00e7\u00e3o. Est\u00e1 previsto na medida um reajuste de 9% para todos os servidores e empregados [&hellip;]<\/p>\n","protected":false},"author":139,"featured_media":14311,"comment_status":"open","ping_status":"closed","sticky":false,"template":"","format":"standard","meta":{"footnotes":""},"categories":[19517,1,19497,2719,19512],"tags":[1531,19518,3946,19519],"class_list":["post-21182","post","type-post","status-publish","format-standard","has-post-thumbnail","hentry","category-reajuste-salarial","category-sem-categoria","category-servico-publico","category-servidor","category-servidores-publicos","tag-camara-dos-deputados","tag-medida-provisoria-1170-23","tag-reajuste-salarial","tag-servidores-do-executivo-federal"],"_links":{"self":[{"href":"https:\/\/blogs.correiobraziliense.com.br\/servidor\/wp-json\/wp\/v2\/posts\/21182","targetHints":{"allow":["GET"]}}],"collection":[{"href":"https:\/\/blogs.correiobraziliense.com.br\/servidor\/wp-json\/wp\/v2\/posts"}],"about":[{"href":"https:\/\/blogs.correiobraziliense.com.br\/servidor\/wp-json\/wp\/v2\/types\/post"}],"author":[{"embeddable":true,"href":"https:\/\/blogs.correiobraziliense.com.br\/servidor\/wp-json\/wp\/v2\/users\/139"}],"replies":[{"embeddable":true,"href":"https:\/\/blogs.correiobraziliense.com.br\/servidor\/wp-json\/wp\/v2\/comments?post=21182"}],"version-history":[{"count":2,"href":"https:\/\/blogs.correiobraziliense.com.br\/servidor\/wp-json\/wp\/v2\/posts\/21182\/revisions"}],"predecessor-version":[{"id":21189,"href":"https:\/\/blogs.correiobraziliense.com.br\/servidor\/wp-json\/wp\/v2\/posts\/21182\/revisions\/21189"}],"wp:featuredmedia":[{"embeddable":true,"href":"https:\/\/blogs.correiobraziliense.com.br\/servidor\/wp-json\/wp\/v2\/media\/14311"}],"wp:attachment":[{"href":"https:\/\/blogs.correiobraziliense.com.br\/servidor\/wp-json\/wp\/v2\/media?parent=21182"}],"wp:term":[{"taxonomy":"category","embeddable":true,"href":"https:\/\/blogs.correiobraziliense.com.br\/servidor\/wp-json\/wp\/v2\/categories?post=21182"},{"taxonomy":"post_tag","embeddable":true,"href":"https:\/\/blogs.correiobraziliense.com.br\/servidor\/wp-json\/wp\/v2\/tags?post=21182"}],"curies":[{"name":"wp","href":"https:\/\/api.w.org\/{rel}","templated":true}]}}