{"id":2118,"date":"2016-06-30T16:44:01","date_gmt":"2016-06-30T19:44:01","guid":{"rendered":"https:\/\/blogs.correiobraziliense.com.br\/servidor\/?p=2118"},"modified":"2016-06-30T16:44:01","modified_gmt":"2016-06-30T19:44:01","slug":"politicas-publicas-serao-monitoradas-com-compartilhamento-de-dados-entre-orgaos-do-governo","status":"publish","type":"post","link":"https:\/\/blogs.correiobraziliense.com.br\/servidor\/politicas-publicas-serao-monitoradas-com-compartilhamento-de-dados-entre-orgaos-do-governo\/","title":{"rendered":"Pol\u00edticas p\u00fablicas ser\u00e3o monitoradas com compartilhamento de dados entre \u00f3rg\u00e3os do governo"},"content":{"rendered":"<p><em>De acordo com o Minist\u00e9rio do Planejamento, o<\/em> o<span style=\"font-family: Calibri,sans-serif;font-size: small\"><span style=\"color: black;font-family: Arial,sans-serif\"><em>bjetivo \u00e9 reduzir fraudes e ainda agilizar atendimento ao p\u00fablico. Dados protegidos por sigilo fiscal n\u00e3o ser\u00e3o compartilhados<br \/>\n<\/em><\/span><\/span><\/p>\n<div align=\"justify\"><span style=\"font-family: Calibri,sans-serif;font-size: small\"><span style=\"color: black;font-family: Arial,sans-serif\">Por meio de nota, o Planejamento informou que o <\/span><a href=\"http:\/\/pesquisa.in.gov.br\/imprensa\/jsp\/visualiza\/index.jsp?jornal=1&amp;pagina=2&amp;data=30\/06\/2016\" target=\"_blank\"><span style=\"font-family: Arial,sans-serif\">Decreto n\u00ba 8.789<\/span><\/a><span style=\"color: black;font-family: Arial,sans-serif\">, publicado hoje (30) no Di\u00e1rio Oficial da Uni\u00e3o, (DOU) vai permitir que dados cadastrais dos cidad\u00e3os brasileiros como endere\u00e7o, estado civil e v\u00ednculos empregat\u00edcios sejam compartilhados entre os \u00f3rg\u00e3os do governo federal. O objetivo \u00e9 monitorar pol\u00edticas p\u00fablicas, facilitar a an\u00e1lise da concess\u00e3o ou pagamento de benef\u00edcios para reduzir fraudes e simplificar a oferta de servi\u00e7os p\u00fablicos.<\/span><\/span><\/div>\n<div align=\"justify\"><span style=\"font-family: Calibri,sans-serif;font-size: small\"><span style=\"color: black;font-family: Arial,sans-serif\">\u00a0<\/span><\/span><\/div>\n<div align=\"justify\"><span style=\"font-family: Calibri,sans-serif;font-size: small\"><span style=\"color: black;font-family: Arial,sans-serif\">A partir da mudan\u00e7a, n\u00e3o ser\u00e1 mais necess\u00e1ria a celebra\u00e7\u00e3o de conv\u00eanios, acordos de coopera\u00e7\u00e3o t\u00e9cnica ou ajustes cong\u00eaneres para o compartilhamento de dados entre os \u00f3rg\u00e3os do governo federal. \u201cCom este mecanismo, vamos reduzir o pagamento indevido de benef\u00edcios sociais, por meio de cruzamento de dados das diferentes bases governamentais\u201d, disse o ministro interino do Planejamento, Desenvolvimento e Gest\u00e3o (MP), Dyogo Oliveira.<\/span><\/span><\/div>\n<div align=\"justify\"><span style=\"font-family: Calibri,sans-serif;font-size: small\"><span style=\"color: black;font-family: Arial,sans-serif\">\u00a0<\/span><\/span><\/div>\n<div align=\"justify\"><span style=\"font-family: Calibri,sans-serif;font-size: small\"><span style=\"color: black;font-family: Arial,sans-serif\">A legisla\u00e7\u00e3o vai ainda agilizar o atendimento ao p\u00fablico. Por exemplo, uma iniciativa do Minist\u00e9rio da Educa\u00e7\u00e3o (MEC) e do Instituto Nacional do Seguro Social (INSS) vai permitir que a verifica\u00e7\u00e3o da renda da fam\u00edlia dos candidatos aos benef\u00edcios do Fundo de Financiamento Estudantil (Fies) seja feita de forma autom\u00e1tica. Cada atendimento pessoal do INSS custa cerca de R$ 70 aos cofres p\u00fablicos e, com a automatiza\u00e7\u00e3o, ser\u00e1 poss\u00edvel diminuir filas e economizar recursos.\u00a0<\/span><\/span><\/div>\n<div align=\"justify\"><span style=\"font-family: Calibri,sans-serif;font-size: small\"><span style=\"color: black;font-family: Arial,sans-serif\">\u00a0<\/span><\/span><\/div>\n<div align=\"justify\"><span style=\"font-family: Calibri,sans-serif;font-size: small\"><span style=\"color: black;font-family: Arial,sans-serif\">&#8220;O objetivo \u00e9 modernizar a administra\u00e7\u00e3o p\u00fablica e gerar maior efici\u00eancia do Estado ao reduzir redund\u00e2ncia de informa\u00e7\u00f5es e o custo operacional para o compartilhamento delas\u201d, explicou Oliveira. As informa\u00e7\u00f5es ser\u00e3o compartilhadas preferencialmente em formato digital.<\/span><\/span><\/div>\n<div align=\"justify\"><span style=\"font-family: Calibri,sans-serif;font-size: small\"><span style=\"color: black;font-family: Arial,sans-serif\">\u00a0<\/span><\/span><\/div>\n<div align=\"justify\"><span style=\"font-family: Calibri,sans-serif;font-size: small\"><span style=\"color: black;font-family: Arial,sans-serif\">O decreto tamb\u00e9m estabelece o compartilhamento de dados p\u00fablicos de pessoas jur\u00eddicas ou empresas individuais. Entre as informa\u00e7\u00f5es que ser\u00e3o partilhadas, est\u00e3o a raz\u00e3o social, data de constitui\u00e7\u00e3o, composi\u00e7\u00e3o societ\u00e1ria e Classifica\u00e7\u00e3o Nacional de Atividades Econ\u00f4micas (CNAE).<\/span><\/span><\/div>\n<div align=\"justify\"><span style=\"font-family: Calibri,sans-serif;font-size: small\"><span style=\"color: black;font-family: Arial,sans-serif\">\u00a0<\/span><\/span><\/div>\n<div align=\"justify\"><span style=\"font-family: Calibri,sans-serif;font-size: small\"><span style=\"color: black;font-family: Arial,sans-serif\">A Secretaria da Receita Federal do Brasil disponibilizar\u00e1, por exemplo, os dados constantes na Declara\u00e7\u00e3o de Opera\u00e7\u00f5es Imobili\u00e1rias (DOI), na Declara\u00e7\u00e3o de Imposto sobre a Propriedade Territorial Rural (DITR) e informa\u00e7\u00f5es de conhecimento p\u00fablico constantes na Nota Fiscal.<\/span><\/span><\/div>\n<div align=\"justify\"><span style=\"font-family: Calibri,sans-serif;font-size: small\"><span style=\"color: black;font-family: Arial,sans-serif\">\u00a0<\/span><\/span><\/div>\n<div align=\"justify\"><span style=\"font-family: Calibri,sans-serif;font-size: small\"><span style=\"color: black;font-family: Arial,sans-serif\">\u201c\u00c9 importante deixar claro que os dados protegidos por sigilo fiscal e banc\u00e1rio n\u00e3o est\u00e3o entre os que ser\u00e3o compartilhados entre os \u00f3rg\u00e3os\u201d, esclareceu o secret\u00e1rio de Tecnologia da Informa\u00e7\u00e3o do MP, Marcelo Pagotti.<\/span><\/span><\/div>\n<div align=\"justify\"><span style=\"font-family: Calibri,sans-serif;font-size: small\"><span style=\"color: black;font-family: Arial,sans-serif\">\u00a0<\/span><\/span><\/div>\n<div align=\"justify\"><span style=\"font-family: Calibri,sans-serif;font-size: small\"><span style=\"color: black;font-family: Arial,sans-serif\"><strong>Cat\u00e1logo<\/strong><\/span><\/span><\/div>\n<div align=\"justify\"><span style=\"font-family: Calibri,sans-serif;font-size: small\"><span style=\"color: black;font-family: Arial,sans-serif\">\u00a0<\/span><\/span><\/div>\n<div align=\"justify\"><span style=\"font-family: Calibri,sans-serif;font-size: small\"><span style=\"color: black;font-family: Arial,sans-serif\">Para promover o compartilhamento dos dados, os \u00f3rg\u00e3os publicar\u00e3o um cat\u00e1logo das bases sob a sua gest\u00e3o e ainda quais informa\u00e7\u00f5es est\u00e3o sendo distribu\u00eddas no \u00e2mbito do governo federal. A Secretaria de Tecnologia da Informa\u00e7\u00e3o (STI) definir\u00e1 os procedimentos para a cria\u00e7\u00e3o deste cat\u00e1logo.\u200b<\/span><\/span><\/div>\n","protected":false},"excerpt":{"rendered":"<p>De acordo com o Minist\u00e9rio do Planejamento, o objetivo \u00e9 reduzir fraudes e ainda agilizar atendimento ao p\u00fablico. Dados protegidos por sigilo fiscal n\u00e3o ser\u00e3o compartilhados Por meio de nota, o Planejamento informou que o Decreto n\u00ba 8.789, publicado hoje (30) no Di\u00e1rio Oficial da Uni\u00e3o, (DOU) vai permitir que dados cadastrais dos cidad\u00e3os brasileiros como endere\u00e7o, estado civil e [&hellip;]<\/p>\n","protected":false},"author":27,"featured_media":0,"comment_status":"open","ping_status":"closed","sticky":false,"template":"","format":"standard","meta":{"footnotes":""},"categories":[1],"tags":[2606,551,2171,167,1011,98,2605,1890,3,706,1633,1195],"class_list":["post-2118","post","type-post","status-publish","format-standard","hentry","category-sem-categoria","tag-agilizar","tag-atendimento","tag-compartilhamento","tag-dados","tag-fraudes","tag-governo","tag-monitoradas","tag-orgaos","tag-planejamento","tag-politicas","tag-publicas","tag-reduzir"],"_links":{"self":[{"href":"https:\/\/blogs.correiobraziliense.com.br\/servidor\/wp-json\/wp\/v2\/posts\/2118","targetHints":{"allow":["GET"]}}],"collection":[{"href":"https:\/\/blogs.correiobraziliense.com.br\/servidor\/wp-json\/wp\/v2\/posts"}],"about":[{"href":"https:\/\/blogs.correiobraziliense.com.br\/servidor\/wp-json\/wp\/v2\/types\/post"}],"author":[{"embeddable":true,"href":"https:\/\/blogs.correiobraziliense.com.br\/servidor\/wp-json\/wp\/v2\/users\/27"}],"replies":[{"embeddable":true,"href":"https:\/\/blogs.correiobraziliense.com.br\/servidor\/wp-json\/wp\/v2\/comments?post=2118"}],"version-history":[{"count":1,"href":"https:\/\/blogs.correiobraziliense.com.br\/servidor\/wp-json\/wp\/v2\/posts\/2118\/revisions"}],"predecessor-version":[{"id":2119,"href":"https:\/\/blogs.correiobraziliense.com.br\/servidor\/wp-json\/wp\/v2\/posts\/2118\/revisions\/2119"}],"wp:attachment":[{"href":"https:\/\/blogs.correiobraziliense.com.br\/servidor\/wp-json\/wp\/v2\/media?parent=2118"}],"wp:term":[{"taxonomy":"category","embeddable":true,"href":"https:\/\/blogs.correiobraziliense.com.br\/servidor\/wp-json\/wp\/v2\/categories?post=2118"},{"taxonomy":"post_tag","embeddable":true,"href":"https:\/\/blogs.correiobraziliense.com.br\/servidor\/wp-json\/wp\/v2\/tags?post=2118"}],"curies":[{"name":"wp","href":"https:\/\/api.w.org\/{rel}","templated":true}]}}