{"id":21178,"date":"2023-08-09T16:12:20","date_gmt":"2023-08-09T19:12:20","guid":{"rendered":"https:\/\/blogs.correiobraziliense.com.br\/servidor\/?p=21178"},"modified":"2023-08-10T16:34:03","modified_gmt":"2023-08-10T19:34:03","slug":"cldf-aprova-projeto-que-aumenta-salarios-de-professores-da-rede-publica","status":"publish","type":"post","link":"https:\/\/blogs.correiobraziliense.com.br\/servidor\/cldf-aprova-projeto-que-aumenta-salarios-de-professores-da-rede-publica\/","title":{"rendered":"CLDF aprova projeto que aumenta sal\u00e1rios de professores da rede p\u00fablica"},"content":{"rendered":"<p>Os parlamentares da Comiss\u00e3o de Economia, Or\u00e7amento e Finan\u00e7as (CEOF), da C\u00e2mara Legislativa do Distrito Federal (CLDF), aprovaram, nesta ter\u00e7a-feira (8\/8), o projeto de lei 470\/2023, que reestrutura a carreira do magist\u00e9rio no DF. A proposta prev\u00ea o reajuste do vencimento b\u00e1sico da carreira, no percentual de 5% em seis parcelas, com as seguintes vig\u00eancias: 1\u00ba\/10\/2023, 1\u00ba\/01\/2024, 1\u00ba\/07\/2024, 1\u00ba\/01\/2025, 1\u00ba\/07\/2025 e 1\u00ba\/01\/2026.<\/p>\n<p>A primeira altera\u00e7\u00e3o acontecer\u00e1 nos vencimentos b\u00e1sicos das carreiras de professor de educa\u00e7\u00e3o b\u00e1sica e de pedagogo orientador educacional. A medida j\u00e1 inclui os reajustes previstos na Lei n\u00ba 7.253\/2023 (que concedeu reajuste geral de 18% em tr\u00eas parcelas a todos os servidores p\u00fablicos do Executivo).<\/p>\n<p>Os valores no in\u00edcio da carreira come\u00e7am em R$ 1.993,69, para servidores com ensino m\u00e9dio completo e carga de trabalho 20 horas e R$ 5.378,96, para profissionais com doutorado e carga de 40 horas.<\/p>\n<p>Outra altera\u00e7\u00e3o prevista no acordo entre a categoria e o GDF \u00e9 que a Gratifica\u00e7\u00e3o de Atividade Pedag\u00f3gica e a Gratifica\u00e7\u00e3o de Atividade de Suporte Educacional ter\u00e3o seus percentuais reduzidos gradativamente at\u00e9 a extin\u00e7\u00e3o, prevista para 1\u00ba de agosto de 2026. Entretanto, o texto do projeto prev\u00ea a incorpora\u00e7\u00e3o dos valores relativos \u00e0s gratifica\u00e7\u00f5es no vencimento b\u00e1sico.<\/p>\n<p>Tamb\u00e9m foi aprovado o PL 471\/2023, que altera a Lei de Diretrizes Or\u00e7ament\u00e1rias (LDO), com o objetivo de garantir a previs\u00e3o or\u00e7ament\u00e1ria necess\u00e1ria para a implementa\u00e7\u00e3o das altera\u00e7\u00f5es na carreira do magist\u00e9rio.<\/p>\n<p>O relator do projeto, deputado Jorge Vianna (PSD), afirmou que &#8220;conforme o PL que deu origem a Lei n\u00ba 7.253\/2023, constou que o impacto financeiro na Secretaria de Educa\u00e7\u00e3o, era estimado em R$ 264,18 milh\u00f5es para o exerc\u00edcio de 2023 e R$ 2,063 bilh\u00f5es em 2026. Portanto, como relator dessas duas importantes medidas de valoriza\u00e7\u00e3o dos servidores, quero registrar meu elogio a iniciativa corajosa do Governo do DF que decidiu alocar mais essa fatia importante de recursos p\u00fablicos em prol da educa\u00e7\u00e3o de Bras\u00edlia\u201d.<\/p>\n<p>Agora, a proposta ser\u00e1 analisada pela Comiss\u00e3o de Assuntos Sociais (CAS), Comiss\u00e3o de Educa\u00e7\u00e3o, Sa\u00fade e Cultura (CESC) e Comiss\u00e3o de Constitui\u00e7\u00e3o e Justi\u00e7a (CCJ).<\/p>\n<p><em>Com informa\u00e7\u00f5es da Ag\u00eancia CLDF<\/em><\/p>\n<ul>\n<li><a href=\"https:\/\/blogs.correiobraziliense.com.br\/servidor\/policiais-federais-cobram-reajuste-salarial-para-o-governo-lula\/\" rel=\"bookmark\">Policiais Federais cobram reajuste salarial para o governo Lula<\/a><\/li>\n<li><a href=\"https:\/\/blogs.correiobraziliense.com.br\/servidor\/medida-que-reajusta-salarios-de-servidores-pode-ser-votada-nesta-quarta-9-8\/\" rel=\"bookmark\">Medida que reajusta sal\u00e1rios de servidores pode ser votada nesta quarta (9\/8)<\/a><\/li>\n<\/ul>\n","protected":false},"excerpt":{"rendered":"<p>Os parlamentares da Comiss\u00e3o de Economia, Or\u00e7amento e Finan\u00e7as (CEOF), da C\u00e2mara Legislativa do Distrito Federal (CLDF), aprovaram, nesta ter\u00e7a-feira (8\/8), o projeto de lei 470\/2023, que reestrutura a carreira do magist\u00e9rio no DF. A proposta prev\u00ea o reajuste do vencimento b\u00e1sico da carreira, no percentual de 5% em seis parcelas, com as seguintes vig\u00eancias: 1\u00ba\/10\/2023, 1\u00ba\/01\/2024, 1\u00ba\/07\/2024, 1\u00ba\/01\/2025, 1\u00ba\/07\/2025 [&hellip;]<\/p>\n","protected":false},"author":139,"featured_media":21185,"comment_status":"open","ping_status":"closed","sticky":false,"template":"","format":"standard","meta":{"footnotes":""},"categories":[19515,19499,1,19497,2719,19512],"tags":[9736,2835,3946,19516,1294,58],"class_list":["post-21178","post","type-post","status-publish","format-standard","has-post-thumbnail","hentry","category-cldf","category-educacao","category-sem-categoria","category-servico-publico","category-servidor","category-servidores-publicos","tag-cldf","tag-projeto-de-lei","tag-reajuste-salarial","tag-reajuste-salarial-professores","tag-rede-publica","tag-servidores"],"_links":{"self":[{"href":"https:\/\/blogs.correiobraziliense.com.br\/servidor\/wp-json\/wp\/v2\/posts\/21178","targetHints":{"allow":["GET"]}}],"collection":[{"href":"https:\/\/blogs.correiobraziliense.com.br\/servidor\/wp-json\/wp\/v2\/posts"}],"about":[{"href":"https:\/\/blogs.correiobraziliense.com.br\/servidor\/wp-json\/wp\/v2\/types\/post"}],"author":[{"embeddable":true,"href":"https:\/\/blogs.correiobraziliense.com.br\/servidor\/wp-json\/wp\/v2\/users\/139"}],"replies":[{"embeddable":true,"href":"https:\/\/blogs.correiobraziliense.com.br\/servidor\/wp-json\/wp\/v2\/comments?post=21178"}],"version-history":[{"count":3,"href":"https:\/\/blogs.correiobraziliense.com.br\/servidor\/wp-json\/wp\/v2\/posts\/21178\/revisions"}],"predecessor-version":[{"id":21191,"href":"https:\/\/blogs.correiobraziliense.com.br\/servidor\/wp-json\/wp\/v2\/posts\/21178\/revisions\/21191"}],"wp:featuredmedia":[{"embeddable":true,"href":"https:\/\/blogs.correiobraziliense.com.br\/servidor\/wp-json\/wp\/v2\/media\/21185"}],"wp:attachment":[{"href":"https:\/\/blogs.correiobraziliense.com.br\/servidor\/wp-json\/wp\/v2\/media?parent=21178"}],"wp:term":[{"taxonomy":"category","embeddable":true,"href":"https:\/\/blogs.correiobraziliense.com.br\/servidor\/wp-json\/wp\/v2\/categories?post=21178"},{"taxonomy":"post_tag","embeddable":true,"href":"https:\/\/blogs.correiobraziliense.com.br\/servidor\/wp-json\/wp\/v2\/tags?post=21178"}],"curies":[{"name":"wp","href":"https:\/\/api.w.org\/{rel}","templated":true}]}}