{"id":21175,"date":"2023-08-08T15:14:40","date_gmt":"2023-08-08T18:14:40","guid":{"rendered":"https:\/\/blogs.correiobraziliense.com.br\/servidor\/?p=21175"},"modified":"2023-08-08T15:14:40","modified_gmt":"2023-08-08T18:14:40","slug":"tcdf-realiza-encontro-sobre-mobilidade-urbana-para-servidores-publicos","status":"publish","type":"post","link":"https:\/\/blogs.correiobraziliense.com.br\/servidor\/tcdf-realiza-encontro-sobre-mobilidade-urbana-para-servidores-publicos\/","title":{"rendered":"TCDF realiza encontro sobre mobilidade urbana para servidores p\u00fablicos"},"content":{"rendered":"<h2>O evento \u00e9 gratuito e ser\u00e1 feito em formato presencial no plen\u00e1rio do \u00f3rg\u00e3o<\/h2>\n<p>O Tribunal de Contas do Distrito Federal (TCDF) promove a Maratona tem\u00e1tica: auditoria em mobilidade urbana. O evento, destinado aos servidores p\u00fablicos do DF, ir\u00e1 reunir diversos especialistas em mobilidade no \u00e2mbito local e federal.<\/p>\n<p>Os participantes ir\u00e3o compartilhar conhecimentos sobre fiscaliza\u00e7\u00f5es e desafios das pol\u00edticas p\u00fablicas no territ\u00f3rio nacional. O objetivo do evento \u00e9 que os participantes se tornem capazes de reconhecer o papel dos diversos atores envolvidos nas pol\u00edticas p\u00fablicas e nas a\u00e7\u00f5es de fiscaliza\u00e7\u00e3o relativas \u00e0 mobilidade urbana.<\/p>\n<p>Estar\u00e3o presentes representantes do IRB, Tribunal de Contas da Uni\u00e3o (TCU), Universidade de Bras\u00edlia (UnB), Controladoria-Geral do DF (CGDF), Ag\u00eancia Nacional de Transportes Terrestres (ANTT), Minist\u00e9rio P\u00fablico do DF e Territ\u00f3rios (MPDFT), MPC, Semob-DF, BRB, Instituto MDT e Conselho de Transporte P\u00fablico Coletivo do DF.<\/p>\n<p>O encontro acontecer\u00e1 de forma presencial, no plen\u00e1rio do TCDF, nos dias 16 a 18 de agosto. Os interessados em participar poder\u00e3o fazer a pr\u00e9-inscri\u00e7\u00e3o at\u00e9 o dia 15 de agosto, por meio do <a href=\"https:\/\/escon.tc.df.gov.br\/cursos\/novo\/evento\/visualizar\/1270\">site do Tribunal.<\/a><\/p>\n<h3>Servi\u00e7o<\/h3>\n<p><strong>Eixo tem\u00e1tico:<\/strong> direito p\u00fablico<br \/>\n<strong>P\u00fablico alvo:<\/strong> servidores da Uni\u00e3o, outros estados e munic\u00edpios<br \/>\n<strong>Modalidade:<\/strong> presencial<br \/>\n<strong>Carga hor\u00e1ria:<\/strong> 12h<br \/>\n<strong>Localiza\u00e7\u00e3o:<\/strong> plen\u00e1rio do TCDF<br \/>\n<strong>Respons\u00e1vel pelo evento:<\/strong> Taissa Camelo Vilas Boas<br \/>\n<strong>Per\u00edodo previsto:<\/strong> 16 de agosto a 18 de agosto das 14h \u00e0s 18h<br \/>\n<strong>Per\u00edodo de pr\u00e9-inscri\u00e7\u00e3o:<\/strong> 1\u00ba de agosto a 15 de agosto<\/p>\n<ul>\n<li><a href=\"https:\/\/blogs.correiobraziliense.com.br\/servidor\/advogado-aponta-mais-aspectos-positivos-que-negativos-sobre-desobrigacao-de-servidor-bater-ponto\/\" rel=\"bookmark\">Advogado aponta mais aspectos positivos que negativos sobre desobriga\u00e7\u00e3o de servidor bater ponto<\/a><\/li>\n<li><a href=\"https:\/\/blogs.correiobraziliense.com.br\/servidor\/stf-suspende-afastamento-de-servidores-comissionados-de-unidades-de-ensino-em-bauru-sp\/\" rel=\"bookmark\">STF suspende afastamento de servidores comissionados de unidades de ensino em Bauru (SP)<\/a><\/li>\n<li><a href=\"https:\/\/blogs.correiobraziliense.com.br\/servidor\/funcionarios-publicos-do-sudao-passam-fome-por-impacto-economico-da-guerra\/\" rel=\"bookmark\">Funcion\u00e1rios p\u00fablicos do Sud\u00e3o passam fome por impacto econ\u00f4mico da guerra<\/a><\/li>\n<\/ul>\n","protected":false},"excerpt":{"rendered":"<p>O evento \u00e9 gratuito e ser\u00e1 feito em formato presencial no plen\u00e1rio do \u00f3rg\u00e3o O Tribunal de Contas do Distrito Federal (TCDF) promove a Maratona tem\u00e1tica: auditoria em mobilidade urbana. O evento, destinado aos servidores p\u00fablicos do DF, ir\u00e1 reunir diversos especialistas em mobilidade no \u00e2mbito local e federal. Os participantes ir\u00e3o compartilhar conhecimentos sobre fiscaliza\u00e7\u00f5es e desafios das pol\u00edticas [&hellip;]<\/p>\n","protected":false},"author":139,"featured_media":21176,"comment_status":"open","ping_status":"closed","sticky":false,"template":"","format":"standard","meta":{"footnotes":""},"categories":[19497,2719,19512],"tags":[8332,98,1291,19514,58,1903],"class_list":["post-21175","post","type-post","status-publish","format-standard","has-post-thumbnail","hentry","category-servico-publico","category-servidor","category-servidores-publicos","tag-evento","tag-governo","tag-inscricao","tag-mobilidade-urbana","tag-servidores","tag-tcdf"],"_links":{"self":[{"href":"https:\/\/blogs.correiobraziliense.com.br\/servidor\/wp-json\/wp\/v2\/posts\/21175","targetHints":{"allow":["GET"]}}],"collection":[{"href":"https:\/\/blogs.correiobraziliense.com.br\/servidor\/wp-json\/wp\/v2\/posts"}],"about":[{"href":"https:\/\/blogs.correiobraziliense.com.br\/servidor\/wp-json\/wp\/v2\/types\/post"}],"author":[{"embeddable":true,"href":"https:\/\/blogs.correiobraziliense.com.br\/servidor\/wp-json\/wp\/v2\/users\/139"}],"replies":[{"embeddable":true,"href":"https:\/\/blogs.correiobraziliense.com.br\/servidor\/wp-json\/wp\/v2\/comments?post=21175"}],"version-history":[{"count":1,"href":"https:\/\/blogs.correiobraziliense.com.br\/servidor\/wp-json\/wp\/v2\/posts\/21175\/revisions"}],"predecessor-version":[{"id":21177,"href":"https:\/\/blogs.correiobraziliense.com.br\/servidor\/wp-json\/wp\/v2\/posts\/21175\/revisions\/21177"}],"wp:featuredmedia":[{"embeddable":true,"href":"https:\/\/blogs.correiobraziliense.com.br\/servidor\/wp-json\/wp\/v2\/media\/21176"}],"wp:attachment":[{"href":"https:\/\/blogs.correiobraziliense.com.br\/servidor\/wp-json\/wp\/v2\/media?parent=21175"}],"wp:term":[{"taxonomy":"category","embeddable":true,"href":"https:\/\/blogs.correiobraziliense.com.br\/servidor\/wp-json\/wp\/v2\/categories?post=21175"},{"taxonomy":"post_tag","embeddable":true,"href":"https:\/\/blogs.correiobraziliense.com.br\/servidor\/wp-json\/wp\/v2\/tags?post=21175"}],"curies":[{"name":"wp","href":"https:\/\/api.w.org\/{rel}","templated":true}]}}