{"id":21169,"date":"2023-07-27T16:03:46","date_gmt":"2023-07-27T19:03:46","guid":{"rendered":"https:\/\/blogs.correiobraziliense.com.br\/servidor\/?p=21169"},"modified":"2023-07-27T16:03:46","modified_gmt":"2023-07-27T19:03:46","slug":"cnj-e-cnmp-abrem-vagas-para-juizes-membros-inscricoes-se-encerram-na-proxima-segunda-31","status":"publish","type":"post","link":"https:\/\/blogs.correiobraziliense.com.br\/servidor\/cnj-e-cnmp-abrem-vagas-para-juizes-membros-inscricoes-se-encerram-na-proxima-segunda-31\/","title":{"rendered":"CNJ e CNMP abrem vagas para ju\u00edzes membros; inscri\u00e7\u00f5es se encerram na pr\u00f3xima segunda (31)"},"content":{"rendered":"<h2>Os candidatos dever\u00e3o responder um formul\u00e1rio e enviar para o endere\u00e7o de e-mail correspondente \u00e0 vaga desejada<\/h2>\n<p><strong>Por Yasmin Rajab &#8211;<\/strong> Est\u00e3o abertas, at\u00e9 a proxima segunda-feira (31\/7), as inscri\u00e7\u00f5es a quem quiser concorrer \u00e0s vagas para ju\u00edzes membros do Conselho Nacional de Justi\u00e7a (CNJ) e do Conselho Nacional do Minist\u00e9rio P\u00fablico (CNMP).<\/p>\n<p>O Superior Tribunal de Justi\u00e7a (STJ) \u00e9 respons\u00e1vel por indicar dois nomes para o CNJ \u2013 um juiz federal e um juiz de Tribunal Regional Federal (TRF) \u2013 e um nome para vaga destinada a juiz para o CNMP.<\/p>\n<p>Aqueles que desejarem participar dever\u00e3o preencher um formul\u00e1rio e envi\u00e1-lo ao e-mail correspondente \u00e0 vaga desejada:<\/p>\n<p>a) Juiz Federal \u2013 CNJ: juizfederal_cnj@stj.jus.br<br \/>\nb) Juiz de TRF \u2013 CNJ: juizdetrf_cnj@stj.jus.br<br \/>\nc) Juiz \u2013 CNMP: juiz_cnmp@stj.jus.br<\/p>\n<p>A indica\u00e7\u00e3o \u00e0s vagas \u00e9 definida em sess\u00e3o do pleno, por vota\u00e7\u00e3o secreta. Ap\u00f3s a escolha, os nomes seguem para o Senado Federal, onde ser\u00e3o sabatinados pela Comiss\u00e3o de Constitui\u00e7\u00e3o, Justi\u00e7a e Cidadania (CCJ). Se aprovadas, as indica\u00e7\u00f5es ser\u00e3o levadas ao plen\u00e1rio da Casa Legislativa e, se aprovadas novamente, seguem para nomea\u00e7\u00e3o pelo presidente da Rep\u00fablica. O mandato \u00e9 de dois anos.<\/p>\n<ul>\n<li><strong>Leia mais:<\/strong>\u00a0<a href=\"https:\/\/blogs.correiobraziliense.com.br\/servidor\/stf-suspende-afastamento-de-servidores-comissionados-de-unidades-de-ensino-em-bauru-sp\/\" rel=\"bookmark\">STF suspende afastamento de servidores comissionados de unidades de ensino em Bauru (SP)<\/a><\/li>\n<li><a href=\"https:\/\/blogs.correiobraziliense.com.br\/servidor\/tj-go-defende-supersalarios-e-diz-que-juizes-nao-podem-trabalhar-de-forma-graciosa\/\" rel=\"bookmark\">TJ-GO defende supersal\u00e1rios e diz que ju\u00edzes n\u00e3o podem trabalhar de forma \u2018graciosa\u2019<\/a><\/li>\n<li><a href=\"https:\/\/blogs.correiobraziliense.com.br\/servidor\/controladoria-geral-do-distrito-federal-abre-concurso-que-ira-premiar-iniciativas-de-ouvidorias\/\" rel=\"bookmark\">Controladoria-Geral do Distrito Federal abre concurso que ir\u00e1 premiar iniciativas de ouvidorias<\/a><\/li>\n<\/ul>\n","protected":false},"excerpt":{"rendered":"<p>Os candidatos dever\u00e3o responder um formul\u00e1rio e enviar para o endere\u00e7o de e-mail correspondente \u00e0 vaga desejada Por Yasmin Rajab &#8211; Est\u00e3o abertas, at\u00e9 a proxima segunda-feira (31\/7), as inscri\u00e7\u00f5es a quem quiser concorrer \u00e0s vagas para ju\u00edzes membros do Conselho Nacional de Justi\u00e7a (CNJ) e do Conselho Nacional do Minist\u00e9rio P\u00fablico (CNMP). O Superior Tribunal de Justi\u00e7a (STJ) \u00e9 [&hellip;]<\/p>\n","protected":false},"author":139,"featured_media":21139,"comment_status":"open","ping_status":"closed","sticky":false,"template":"","format":"standard","meta":{"footnotes":""},"categories":[19503,19497,2719],"tags":[254,93,98,260,241,58],"class_list":["post-21169","post","type-post","status-publish","format-standard","has-post-thumbnail","hentry","category-juizes","category-servico-publico","category-servidor","tag-cnj","tag-concurso","tag-governo","tag-justica","tag-publico","tag-servidores"],"_links":{"self":[{"href":"https:\/\/blogs.correiobraziliense.com.br\/servidor\/wp-json\/wp\/v2\/posts\/21169","targetHints":{"allow":["GET"]}}],"collection":[{"href":"https:\/\/blogs.correiobraziliense.com.br\/servidor\/wp-json\/wp\/v2\/posts"}],"about":[{"href":"https:\/\/blogs.correiobraziliense.com.br\/servidor\/wp-json\/wp\/v2\/types\/post"}],"author":[{"embeddable":true,"href":"https:\/\/blogs.correiobraziliense.com.br\/servidor\/wp-json\/wp\/v2\/users\/139"}],"replies":[{"embeddable":true,"href":"https:\/\/blogs.correiobraziliense.com.br\/servidor\/wp-json\/wp\/v2\/comments?post=21169"}],"version-history":[{"count":1,"href":"https:\/\/blogs.correiobraziliense.com.br\/servidor\/wp-json\/wp\/v2\/posts\/21169\/revisions"}],"predecessor-version":[{"id":21170,"href":"https:\/\/blogs.correiobraziliense.com.br\/servidor\/wp-json\/wp\/v2\/posts\/21169\/revisions\/21170"}],"wp:featuredmedia":[{"embeddable":true,"href":"https:\/\/blogs.correiobraziliense.com.br\/servidor\/wp-json\/wp\/v2\/media\/21139"}],"wp:attachment":[{"href":"https:\/\/blogs.correiobraziliense.com.br\/servidor\/wp-json\/wp\/v2\/media?parent=21169"}],"wp:term":[{"taxonomy":"category","embeddable":true,"href":"https:\/\/blogs.correiobraziliense.com.br\/servidor\/wp-json\/wp\/v2\/categories?post=21169"},{"taxonomy":"post_tag","embeddable":true,"href":"https:\/\/blogs.correiobraziliense.com.br\/servidor\/wp-json\/wp\/v2\/tags?post=21169"}],"curies":[{"name":"wp","href":"https:\/\/api.w.org\/{rel}","templated":true}]}}