{"id":21167,"date":"2023-07-27T15:43:27","date_gmt":"2023-07-27T18:43:27","guid":{"rendered":"https:\/\/blogs.correiobraziliense.com.br\/servidor\/?p=21167"},"modified":"2023-07-27T15:43:27","modified_gmt":"2023-07-27T18:43:27","slug":"stf-suspende-afastamento-de-servidores-comissionados-de-unidades-de-ensino-em-bauru-sp","status":"publish","type":"post","link":"https:\/\/blogs.correiobraziliense.com.br\/servidor\/stf-suspende-afastamento-de-servidores-comissionados-de-unidades-de-ensino-em-bauru-sp\/","title":{"rendered":"STF suspende afastamento de servidores comissionados de unidades de ensino em Bauru (SP)"},"content":{"rendered":"<p><strong>Por Yasmin Rajab &#8211;\u00a0<\/strong>A presidente do Supremo Tribunal Federal (STF), ministra Rosa Weber, deu provimento a uma medida solicitada pelo munic\u00edpio de Bauru, em S\u00e3o Paulo, que pedia a suspens\u00e3o de uma decis\u00e3o que havia determinado a dispensa, no prazo de 120 dias, de servidores comissionados lotados em unidades de ensino locais.<\/p>\n<p>A decis\u00e3o havia sido concedida ap\u00f3s o Tribunal de Justi\u00e7a do estado (TJSP) declarar a inconstitucionalidade de dispositivos de leis municipais que criaram as fun\u00e7\u00f5es de coordenador de \u00e1rea, vice-diretor de escola e coordenador pedag\u00f3gico, que s\u00e3o exercidas por servidores efetivos da carreira de magist\u00e9rio.<\/p>\n<p>O TJSP sustentou que a falta de descri\u00e7\u00e3o das atribui\u00e7\u00f5es das fun\u00e7\u00f5es afrontaria o princ\u00edpio da legalidade. No entanto, o munic\u00edpio sustentou que os cargos s\u00e3o compat\u00edveis com os requisitos de assessoramento, chefia e dire\u00e7\u00e3o e que o questionamento da decis\u00e3o ocasiona na desestrutura\u00e7\u00e3o administrativa e implica na qualidade da presta\u00e7\u00e3o do servi\u00e7o p\u00fablico.<\/p>\n<p>Weber levou em considera\u00e7\u00e3o que a aplica\u00e7\u00e3o imediata da decis\u00e3o do TJSP ocasionaria a dispensa de todos os professores ocupantes, afetando as aulas e o per\u00edodo letivo, o que geraria preju\u00edzo a crian\u00e7as e adolescentes, cujos direitos devem ser assegurados.<\/p>\n<ul>\n<li><strong>Leia mais:\u00a0<\/strong><a href=\"https:\/\/blogs.correiobraziliense.com.br\/servidor\/governo-publica-orientacoes-sobre-expediente-nos-dias-de-jogos-da-selecao-brasileira-feminina\/\" rel=\"bookmark\">Governo publica orienta\u00e7\u00f5es sobre expediente nos dias de jogos da Sele\u00e7\u00e3o Brasileira Feminina<\/a><\/li>\n<li><a href=\"https:\/\/blogs.correiobraziliense.com.br\/servidor\/tj-go-defende-supersalarios-e-diz-que-juizes-nao-podem-trabalhar-de-forma-graciosa\/\" rel=\"bookmark\">TJ-GO defende supersal\u00e1rios e diz que ju\u00edzes n\u00e3o podem trabalhar de forma \u2018graciosa\u2019<\/a><\/li>\n<li><a href=\"https:\/\/blogs.correiobraziliense.com.br\/servidor\/controladoria-geral-do-distrito-federal-abre-concurso-que-ira-premiar-iniciativas-de-ouvidorias\/\" rel=\"bookmark\">Controladoria-Geral do Distrito Federal abre concurso que ir\u00e1 premiar iniciativas de ouvidorias<\/a><\/li>\n<\/ul>\n","protected":false},"excerpt":{"rendered":"<p>Por Yasmin Rajab &#8211;\u00a0A presidente do Supremo Tribunal Federal (STF), ministra Rosa Weber, deu provimento a uma medida solicitada pelo munic\u00edpio de Bauru, em S\u00e3o Paulo, que pedia a suspens\u00e3o de uma decis\u00e3o que havia determinado a dispensa, no prazo de 120 dias, de servidores comissionados lotados em unidades de ensino locais. A decis\u00e3o havia sido concedida ap\u00f3s o Tribunal [&hellip;]<\/p>\n","protected":false},"author":139,"featured_media":15991,"comment_status":"open","ping_status":"closed","sticky":false,"template":"","format":"standard","meta":{"footnotes":""},"categories":[19499,19497,2719],"tags":[1585,48,98,58,34,2423,1574],"class_list":["post-21167","post","type-post","status-publish","format-standard","has-post-thumbnail","hentry","category-educacao","category-servico-publico","category-servidor","tag-aulas","tag-educacao","tag-governo","tag-servidores","tag-stf","tag-suspensao","tag-tjsp"],"_links":{"self":[{"href":"https:\/\/blogs.correiobraziliense.com.br\/servidor\/wp-json\/wp\/v2\/posts\/21167","targetHints":{"allow":["GET"]}}],"collection":[{"href":"https:\/\/blogs.correiobraziliense.com.br\/servidor\/wp-json\/wp\/v2\/posts"}],"about":[{"href":"https:\/\/blogs.correiobraziliense.com.br\/servidor\/wp-json\/wp\/v2\/types\/post"}],"author":[{"embeddable":true,"href":"https:\/\/blogs.correiobraziliense.com.br\/servidor\/wp-json\/wp\/v2\/users\/139"}],"replies":[{"embeddable":true,"href":"https:\/\/blogs.correiobraziliense.com.br\/servidor\/wp-json\/wp\/v2\/comments?post=21167"}],"version-history":[{"count":1,"href":"https:\/\/blogs.correiobraziliense.com.br\/servidor\/wp-json\/wp\/v2\/posts\/21167\/revisions"}],"predecessor-version":[{"id":21168,"href":"https:\/\/blogs.correiobraziliense.com.br\/servidor\/wp-json\/wp\/v2\/posts\/21167\/revisions\/21168"}],"wp:featuredmedia":[{"embeddable":true,"href":"https:\/\/blogs.correiobraziliense.com.br\/servidor\/wp-json\/wp\/v2\/media\/15991"}],"wp:attachment":[{"href":"https:\/\/blogs.correiobraziliense.com.br\/servidor\/wp-json\/wp\/v2\/media?parent=21167"}],"wp:term":[{"taxonomy":"category","embeddable":true,"href":"https:\/\/blogs.correiobraziliense.com.br\/servidor\/wp-json\/wp\/v2\/categories?post=21167"},{"taxonomy":"post_tag","embeddable":true,"href":"https:\/\/blogs.correiobraziliense.com.br\/servidor\/wp-json\/wp\/v2\/tags?post=21167"}],"curies":[{"name":"wp","href":"https:\/\/api.w.org\/{rel}","templated":true}]}}