{"id":21163,"date":"2023-07-18T10:34:16","date_gmt":"2023-07-18T13:34:16","guid":{"rendered":"https:\/\/blogs.correiobraziliense.com.br\/servidor\/?p=21163"},"modified":"2023-07-18T10:34:55","modified_gmt":"2023-07-18T13:34:55","slug":"governo-publica-orientacoes-sobre-expediente-nos-dias-de-jogos-da-selecao-brasileira-feminina","status":"publish","type":"post","link":"https:\/\/blogs.correiobraziliense.com.br\/servidor\/governo-publica-orientacoes-sobre-expediente-nos-dias-de-jogos-da-selecao-brasileira-feminina\/","title":{"rendered":"Governo publica orienta\u00e7\u00f5es sobre expediente nos dias de jogos da Sele\u00e7\u00e3o Brasileira Feminina"},"content":{"rendered":"<h2>A portaria, publicada no Di\u00e1rio Oficial da Uni\u00e3o (DOU) desta ter\u00e7a-feira (18\/7), estabelece as regras para o expediente nos dias dos jogos<\/h2>\n<p>Foram publicadas as orienta\u00e7\u00f5es aos \u00f3rg\u00e3os e entidades p\u00fablicas do governo federal acerca do expediente nos dias de jogos da Sele\u00e7\u00e3o Brasileira de Futebol na Copa do Mundo Feminina de 2023. A Portaria N\u00ba 3.814, que estabelece as regras, foi publicada no <em><a href=\"https:\/\/www.in.gov.br\/en\/web\/dou\/-\/portaria-mgi-n-3.814-de-17-de-julho-de-2023-497021156\">Di\u00e1rio Oficial da Uni\u00e3o (DOU)<\/a><\/em> desta ter\u00e7a-feira (18\/7).<\/p>\n<p>Segundo o documento, as orienta\u00e7\u00f5es ser\u00e3o aplicadas aos servidores p\u00fablicos, empregados p\u00fablicos, contratados tempor\u00e1rios e estagi\u00e1rios. Os hor\u00e1rios de expediente ficar\u00e3o alterados da seguinte forma:<\/p>\n<ul>\n<li>Nos dias em que os jogos se realizarem at\u00e9 \u00e0s 7h30, o expediente iniciar\u00e1 \u00e0s 11h, hor\u00e1rio de Bras\u00edlia;<\/li>\n<li>Nos dias em que os jogos forem \u00e0s 8h, o expediente iniciar\u00e1 \u00e0s 12h, hor\u00e1rio de Bras\u00edlia.<\/li>\n<\/ul>\n<p>As horas n\u00e3o trabalhadas em decorr\u00eancia da medida dever\u00e3o ser compensadas no per\u00edodo de 1\u00ba de agosto de 2023 a 29 de dezembro de 2023, nos seguintes termos:<\/p>\n<ul>\n<li>Para os agentes p\u00fablicos que exercem as suas atividades presencialmente, e n\u00e3o participam do Programa de Gest\u00e3o, a referida compensa\u00e7\u00e3o dever\u00e1 ser realizada mediante antecipa\u00e7\u00e3o do in\u00edcio da jornada di\u00e1ria de trabalho ou de sua posterga\u00e7\u00e3o, respeitando-se o hor\u00e1rio de funcionamento do \u00f3rg\u00e3o ou entidade; e<\/li>\n<li>Para os agentes p\u00fablicos que est\u00e3o participando do Programa de Gest\u00e3o, na modalidade presencial ou teletrabalho, em regime de execu\u00e7\u00e3o integral ou parcial, a referida compensa\u00e7\u00e3o dever\u00e1 ser realizada pelo cumprimento de todas as entregas pactuadas no plano de trabalho equivalentes \u00e0s horas a serem compensadas.<\/li>\n<\/ul>\n<p>As orienta\u00e7\u00f5es esclarecem que os agentes p\u00fablicos que n\u00e3o compensarem as horas sofrer\u00e3o desconto na remunera\u00e7\u00e3o. Al\u00e9m disso, os \u00f3rg\u00e3os e entidades dever\u00e3o permanecer em funcionamento nos hor\u00e1rios dos jogos, a fim de possibilitar ao servidor optar por exercer as atividades em hor\u00e1rio de expediente normal.<\/p>\n<p>A decis\u00e3o de decretar ponto facultativo para funcion\u00e1rios p\u00fablicos nos dias em que a Sele\u00e7\u00e3o Feminina competir \u00e9 in\u00e9dita no Governo Federal. Nesta edi\u00e7\u00e3o, a Copa feminina ser\u00e1 sediada na Austr\u00e1lia e Nova Zel\u00e2ndia, com abertura marcada para 20 de julho. Pela primeira vez, o campeonato ter\u00e1 32 sele\u00e7\u00f5es participantes.<\/p>\n<ul>\n<li><strong>Leia mais:<\/strong>\u00a0<a href=\"https:\/\/blogs.correiobraziliense.com.br\/servidor\/tj-go-defende-supersalarios-e-diz-que-juizes-nao-podem-trabalhar-de-forma-graciosa\/\" rel=\"bookmark\">TJ-GO defende supersal\u00e1rios e diz que ju\u00edzes n\u00e3o podem trabalhar de forma \u2018graciosa\u2019<\/a><\/li>\n<li><a href=\"https:\/\/blogs.correiobraziliense.com.br\/servidor\/controladoria-geral-do-distrito-federal-abre-concurso-que-ira-premiar-iniciativas-de-ouvidorias\/\" rel=\"bookmark\">Controladoria-Geral do Distrito Federal abre concurso que ir\u00e1 premiar iniciativas de ouvidorias<\/a><\/li>\n<li><a href=\"https:\/\/blogs.correiobraziliense.com.br\/servidor\/funcionarios-publicos-do-sudao-passam-fome-por-impacto-economico-da-guerra\/\" rel=\"bookmark\">Funcion\u00e1rios p\u00fablicos do Sud\u00e3o passam fome por impacto econ\u00f4mico da guerra<\/a><\/li>\n<\/ul>\n","protected":false},"excerpt":{"rendered":"<p>A portaria, publicada no Di\u00e1rio Oficial da Uni\u00e3o (DOU) desta ter\u00e7a-feira (18\/7), estabelece as regras para o expediente nos dias dos jogos Foram publicadas as orienta\u00e7\u00f5es aos \u00f3rg\u00e3os e entidades p\u00fablicas do governo federal acerca do expediente nos dias de jogos da Sele\u00e7\u00e3o Brasileira de Futebol na Copa do Mundo Feminina de 2023. A Portaria N\u00ba 3.814, que estabelece as [&hellip;]<\/p>\n","protected":false},"author":139,"featured_media":21164,"comment_status":"open","ping_status":"closed","sticky":false,"template":"","format":"standard","meta":{"footnotes":""},"categories":[19497,2719],"tags":[19511,3185,98,14818,8,58],"class_list":["post-21163","post","type-post","status-publish","format-standard","has-post-thumbnail","hentry","category-servico-publico","category-servidor","tag-copa-do-brasil","tag-expediente","tag-governo","tag-ponto-facultativo","tag-servidor","tag-servidores"],"_links":{"self":[{"href":"https:\/\/blogs.correiobraziliense.com.br\/servidor\/wp-json\/wp\/v2\/posts\/21163","targetHints":{"allow":["GET"]}}],"collection":[{"href":"https:\/\/blogs.correiobraziliense.com.br\/servidor\/wp-json\/wp\/v2\/posts"}],"about":[{"href":"https:\/\/blogs.correiobraziliense.com.br\/servidor\/wp-json\/wp\/v2\/types\/post"}],"author":[{"embeddable":true,"href":"https:\/\/blogs.correiobraziliense.com.br\/servidor\/wp-json\/wp\/v2\/users\/139"}],"replies":[{"embeddable":true,"href":"https:\/\/blogs.correiobraziliense.com.br\/servidor\/wp-json\/wp\/v2\/comments?post=21163"}],"version-history":[{"count":1,"href":"https:\/\/blogs.correiobraziliense.com.br\/servidor\/wp-json\/wp\/v2\/posts\/21163\/revisions"}],"predecessor-version":[{"id":21165,"href":"https:\/\/blogs.correiobraziliense.com.br\/servidor\/wp-json\/wp\/v2\/posts\/21163\/revisions\/21165"}],"wp:featuredmedia":[{"embeddable":true,"href":"https:\/\/blogs.correiobraziliense.com.br\/servidor\/wp-json\/wp\/v2\/media\/21164"}],"wp:attachment":[{"href":"https:\/\/blogs.correiobraziliense.com.br\/servidor\/wp-json\/wp\/v2\/media?parent=21163"}],"wp:term":[{"taxonomy":"category","embeddable":true,"href":"https:\/\/blogs.correiobraziliense.com.br\/servidor\/wp-json\/wp\/v2\/categories?post=21163"},{"taxonomy":"post_tag","embeddable":true,"href":"https:\/\/blogs.correiobraziliense.com.br\/servidor\/wp-json\/wp\/v2\/tags?post=21163"}],"curies":[{"name":"wp","href":"https:\/\/api.w.org\/{rel}","templated":true}]}}