{"id":21152,"date":"2023-07-11T11:45:20","date_gmt":"2023-07-11T14:45:20","guid":{"rendered":"https:\/\/blogs.correiobraziliense.com.br\/servidor\/?p=21152"},"modified":"2023-07-11T12:09:32","modified_gmt":"2023-07-11T15:09:32","slug":"funcionarios-publicos-do-sudao-passam-fome-por-impacto-economico-da-guerra","status":"publish","type":"post","link":"https:\/\/blogs.correiobraziliense.com.br\/servidor\/funcionarios-publicos-do-sudao-passam-fome-por-impacto-economico-da-guerra\/","title":{"rendered":"Funcion\u00e1rios p\u00fablicos do Sud\u00e3o passam fome por impacto econ\u00f4mico da guerra"},"content":{"rendered":"<p><strong>Por Ag\u00eancia France-Presse<\/strong> &#8211; Ap\u00f3s 32 anos trabalhando como professor em uma escola p\u00fablica no Sud\u00e3o, Imad Mohammed viu suas economias se esva\u00edrem com a guerra entre dois generais rivais em seu pa\u00eds.<\/p>\n<p>&#8220;Agora s\u00f3 comemos uma vez por dia e n\u00e3o sabemos quanto tempo isso vai durar&#8221;, contou Mohammed, que tem uma fam\u00edlia de cinco pessoas para sustentar.<\/p>\n<p>Assim como outros funcion\u00e1rios p\u00fablicos, o professor do Estado de Al Jazirah est\u00e1 sem receber desde que o ex\u00e9rcito sudan\u00eas e as For\u00e7as de Apoio R\u00e1pido (FAR) paramilitares entraram em guerra em 15 de abril.<\/p>\n<p>Na ocasi\u00e3o, os bancos fecharam as portas em Cartum e ag\u00eancias em todo o pa\u00eds enfrentaram dificuldades de continuar operando sem ter contato direto com suas sedes na capital. Desde ent\u00e3o, os \u00fanicos funcion\u00e1rios p\u00fablicos que t\u00eam recebido pagamento s\u00e3o os militares.<\/p>\n<p>Atualmente, cerca de um milh\u00e3o de trabalhadores devem sobreviver com suas economias ou redes de assist\u00eancia social.<\/p>\n<p>&#8220;O que os professores e suas fam\u00edlias est\u00e3o passando, tanto no setor p\u00fablico como no privado, \u00e9 catastr\u00f3fico&#8221;, disse Ammar Youssef, presidente do Comit\u00ea de Professores do Sud\u00e3o.<\/p>\n<p>A guerra no Sud\u00e3o j\u00e1 deixou aproximadamente 3.000 mortos e tr\u00eas milh\u00f5es de deslocados. Mais de um milh\u00e3o e meio de habitantes deixaram a capital sudanesa utilizando suas economias para escapar dos bombardeios a\u00e9reos, tiros de artilharia e conflitos nas ruas que transformaram Cartum em uma zona de guerra.<\/p>\n<h3>Greves<\/h3>\n<p>A situa\u00e7\u00e3o n\u00e3o foi a mesma para quem n\u00e3o reunia condi\u00e7\u00f5es financeiras suficientes para deixar os locais de confrontos. Somado a isto, a alta no pre\u00e7o do combust\u00edvel, que multiplicou por 20, impossibilitou as poucas chances que restavam.<\/p>\n<p>&#8220;Eles n\u00e3o s\u00f3 t\u00eam dificuldade de alimentar suas fam\u00edlias uma vez por dia, mas tamb\u00e9m n\u00e3o podem lev\u00e1-los para um local seguro, fora das zonas de combate&#8221;, explica Youssef.<\/p>\n<p>&#8220;A educa\u00e7\u00e3o p\u00fablica emprega mais de 300.000 pessoas que n\u00e3o ganhavam o suficiente antes da guerra&#8221;, diz ele, acrescentando que desde o in\u00edcio do conflito, tem sido imposs\u00edvel contatar o Minist\u00e9rio da Educa\u00e7\u00e3o.<\/p>\n<p>&#8220;Quem n\u00e3o morreu de bala, vai morrer de fome&#8221;, acrescentou.<\/p>\n<p>Muitos sindicatos do pa\u00eds anunciaram que poderiam convocar greves, o que deve intensificar ainda mais a tens\u00e3o no local.<\/p>\n<p>Uma coaliz\u00e3o de representantes de m\u00e9dicos, engenheiros, professores e jornalistas anunciou que tomar\u00e1 &#8220;medidas de agravamento se os sal\u00e1rios n\u00e3o forem pagos&#8221;.<\/p>\n<p>Com o aumento do pre\u00e7o dos alimentos, servi\u00e7os b\u00e1sicos cada vez mais escassos e sal\u00e1rios congelados, mais da metade do pa\u00eds, de 48 milh\u00f5es de habitantes, depende de ajuda humanit\u00e1ria, de acordo com a ONU.<\/p>\n<p>Em Darfur (oeste), uma das \u00e1reas mais afetadas pelos combates, a ONG Human Rights Watch denunciou supostos &#8220;crimes de guerra&#8221; e pediu ao Tribunal Penal Internacional (TPI) que investigue o caso.<\/p>\n<p>De acordo com a organiza\u00e7\u00e3o, dezenas de pessoas foram mortas ou feridas enquanto &#8220;milhares&#8221; de soldados das FAR e de tribos \u00e1rabes atacaram a cidade de Misterei, em Darfur, a qual foi &#8220;quase completamente incendiada&#8221;.<\/p>\n<p><strong>Leia mais:\u00a0<\/strong><a href=\"https:\/\/blogs.correiobraziliense.com.br\/servidor\/mpdft-fara-audiencia-publica-sobre-procedimentos-de-heteroidentificacao-em-concursos-publicos\/\" rel=\"bookmark\">MPDFT far\u00e1 audi\u00eancia p\u00fablica sobre procedimentos de heteroidentifica\u00e7\u00e3o em concursos p\u00fablicos<\/a><\/p>\n<p><a href=\"https:\/\/blogs.correiobraziliense.com.br\/servidor\/assefaz-assina-aditivo-que-garante-um-ano-de-planos-de-saude-para-servidores-da-uniao\/\" rel=\"bookmark\">Assefaz assina aditivo que garante um ano de planos de sa\u00fade para servidores da Uni\u00e3o<\/a><\/p>\n<p><a href=\"https:\/\/blogs.correiobraziliense.com.br\/servidor\/sindicato-encaminha-lista-triplice-ao-presidente-lula-para-cargo-vago-na-diretoria-do-cvm\/\" rel=\"bookmark\">Sindicato encaminha lista tr\u00edplice ao presidente Lula para cargo vago na diretoria do CVM<\/a><\/p>\n","protected":false},"excerpt":{"rendered":"<p>Por Ag\u00eancia France-Presse &#8211; Ap\u00f3s 32 anos trabalhando como professor em uma escola p\u00fablica no Sud\u00e3o, Imad Mohammed viu suas economias se esva\u00edrem com a guerra entre dois generais rivais em seu pa\u00eds. &#8220;Agora s\u00f3 comemos uma vez por dia e n\u00e3o sabemos quanto tempo isso vai durar&#8221;, contou Mohammed, que tem uma fam\u00edlia de cinco pessoas para sustentar. Assim [&hellip;]<\/p>\n","protected":false},"author":139,"featured_media":21155,"comment_status":"open","ping_status":"closed","sticky":false,"template":"","format":"standard","meta":{"footnotes":""},"categories":[19506,19497,2719],"tags":[366,19507,98,647,58,6584],"class_list":["post-21152","post","type-post","status-publish","format-standard","has-post-thumbnail","hentry","category-condicao-financeira","category-servico-publico","category-servidor","tag-crise","tag-crise-financeira","tag-governo","tag-guerra","tag-servidores","tag-sudao"],"_links":{"self":[{"href":"https:\/\/blogs.correiobraziliense.com.br\/servidor\/wp-json\/wp\/v2\/posts\/21152","targetHints":{"allow":["GET"]}}],"collection":[{"href":"https:\/\/blogs.correiobraziliense.com.br\/servidor\/wp-json\/wp\/v2\/posts"}],"about":[{"href":"https:\/\/blogs.correiobraziliense.com.br\/servidor\/wp-json\/wp\/v2\/types\/post"}],"author":[{"embeddable":true,"href":"https:\/\/blogs.correiobraziliense.com.br\/servidor\/wp-json\/wp\/v2\/users\/139"}],"replies":[{"embeddable":true,"href":"https:\/\/blogs.correiobraziliense.com.br\/servidor\/wp-json\/wp\/v2\/comments?post=21152"}],"version-history":[{"count":2,"href":"https:\/\/blogs.correiobraziliense.com.br\/servidor\/wp-json\/wp\/v2\/posts\/21152\/revisions"}],"predecessor-version":[{"id":21156,"href":"https:\/\/blogs.correiobraziliense.com.br\/servidor\/wp-json\/wp\/v2\/posts\/21152\/revisions\/21156"}],"wp:featuredmedia":[{"embeddable":true,"href":"https:\/\/blogs.correiobraziliense.com.br\/servidor\/wp-json\/wp\/v2\/media\/21155"}],"wp:attachment":[{"href":"https:\/\/blogs.correiobraziliense.com.br\/servidor\/wp-json\/wp\/v2\/media?parent=21152"}],"wp:term":[{"taxonomy":"category","embeddable":true,"href":"https:\/\/blogs.correiobraziliense.com.br\/servidor\/wp-json\/wp\/v2\/categories?post=21152"},{"taxonomy":"post_tag","embeddable":true,"href":"https:\/\/blogs.correiobraziliense.com.br\/servidor\/wp-json\/wp\/v2\/tags?post=21152"}],"curies":[{"name":"wp","href":"https:\/\/api.w.org\/{rel}","templated":true}]}}