{"id":21144,"date":"2023-06-29T21:41:55","date_gmt":"2023-06-30T00:41:55","guid":{"rendered":"https:\/\/blogs.correiobraziliense.com.br\/servidor\/?p=21144"},"modified":"2023-06-29T21:41:55","modified_gmt":"2023-06-30T00:41:55","slug":"assefaz-assina-aditivo-que-garante-um-ano-de-planos-de-saude-para-servidores-da-uniao","status":"publish","type":"post","link":"https:\/\/blogs.correiobraziliense.com.br\/servidor\/assefaz-assina-aditivo-que-garante-um-ano-de-planos-de-saude-para-servidores-da-uniao\/","title":{"rendered":"Assefaz assina aditivo que garante um ano de planos de sa\u00fade para servidores da Uni\u00e3o"},"content":{"rendered":"<h2>Mais de 125 \u00f3rg\u00e3os da Uni\u00e3o possuem conv\u00eanio com a Assefaz. O termo foi assinado na \u00faltima quinta-feira (29\/6), no Minist\u00e9rio da Gest\u00e3o e Inova\u00e7\u00e3o em Servi\u00e7os P\u00fablicos (MGI)<\/h2>\n<p>A Funda\u00e7\u00e3o Assefaz e a Uni\u00e3o formalizaram a renova\u00e7\u00e3o do conv\u00eanio que garante mais um ano de servi\u00e7os de assist\u00eancia \u00e0 sa\u00fade suplementar aos servidores p\u00fablicos federais.<\/p>\n<p>A assinatura do termo aditivo ocorreu na \u00faltima quinta-feira (29\/6), no Minist\u00e9rio da Gest\u00e3o e Inova\u00e7\u00e3o em Servi\u00e7os P\u00fablicos (MGI). O momento contou com a presen\u00e7a do secret\u00e1rio de Gest\u00e3o de Pessoas e de Rela\u00e7\u00f5es de Trabalho (SGPRT), Jos\u00e9 Lopes Feij\u00f3, e da diretora-presidente da Assefaz, Gildenora Dantas.<\/p>\n<p>\u201cEste \u00e9 um momento \u00fanico, de extrema import\u00e2ncia para a Funda\u00e7\u00e3o Assefaz, que refor\u00e7a a nossa presen\u00e7a junto aos \u00f3rg\u00e3os p\u00fablicos da Uni\u00e3o. Estou muito feliz em anunciar essa renova\u00e7\u00e3o, um marco na nossa hist\u00f3ria\u201d, afirma a diretora-presidente da Funda\u00e7\u00e3o.<\/p>\n<p>Mais de 125 \u00f3rg\u00e3os da Uni\u00e3o e mais de 66 mil benefici\u00e1rios possuem conv\u00eanio com a Assefaz atualmente. Durante a solenidade de assinatura, as autoridades presentes tamb\u00e9m falaram sobre a sustentabilidade dos planos de sa\u00fade.<\/p>\n","protected":false},"excerpt":{"rendered":"<p>Mais de 125 \u00f3rg\u00e3os da Uni\u00e3o possuem conv\u00eanio com a Assefaz. O termo foi assinado na \u00faltima quinta-feira (29\/6), no Minist\u00e9rio da Gest\u00e3o e Inova\u00e7\u00e3o em Servi\u00e7os P\u00fablicos (MGI) A Funda\u00e7\u00e3o Assefaz e a Uni\u00e3o formalizaram a renova\u00e7\u00e3o do conv\u00eanio que garante mais um ano de servi\u00e7os de assist\u00eancia \u00e0 sa\u00fade suplementar aos servidores p\u00fablicos federais. A assinatura do termo [&hellip;]<\/p>\n","protected":false},"author":139,"featured_media":21145,"comment_status":"open","ping_status":"closed","sticky":false,"template":"","format":"standard","meta":{"footnotes":""},"categories":[2719],"tags":[19504,2317],"class_list":["post-21144","post","type-post","status-publish","format-standard","has-post-thumbnail","hentry","category-servidor","tag-assefaz","tag-plano-de-saude"],"_links":{"self":[{"href":"https:\/\/blogs.correiobraziliense.com.br\/servidor\/wp-json\/wp\/v2\/posts\/21144","targetHints":{"allow":["GET"]}}],"collection":[{"href":"https:\/\/blogs.correiobraziliense.com.br\/servidor\/wp-json\/wp\/v2\/posts"}],"about":[{"href":"https:\/\/blogs.correiobraziliense.com.br\/servidor\/wp-json\/wp\/v2\/types\/post"}],"author":[{"embeddable":true,"href":"https:\/\/blogs.correiobraziliense.com.br\/servidor\/wp-json\/wp\/v2\/users\/139"}],"replies":[{"embeddable":true,"href":"https:\/\/blogs.correiobraziliense.com.br\/servidor\/wp-json\/wp\/v2\/comments?post=21144"}],"version-history":[{"count":1,"href":"https:\/\/blogs.correiobraziliense.com.br\/servidor\/wp-json\/wp\/v2\/posts\/21144\/revisions"}],"predecessor-version":[{"id":21146,"href":"https:\/\/blogs.correiobraziliense.com.br\/servidor\/wp-json\/wp\/v2\/posts\/21144\/revisions\/21146"}],"wp:featuredmedia":[{"embeddable":true,"href":"https:\/\/blogs.correiobraziliense.com.br\/servidor\/wp-json\/wp\/v2\/media\/21145"}],"wp:attachment":[{"href":"https:\/\/blogs.correiobraziliense.com.br\/servidor\/wp-json\/wp\/v2\/media?parent=21144"}],"wp:term":[{"taxonomy":"category","embeddable":true,"href":"https:\/\/blogs.correiobraziliense.com.br\/servidor\/wp-json\/wp\/v2\/categories?post=21144"},{"taxonomy":"post_tag","embeddable":true,"href":"https:\/\/blogs.correiobraziliense.com.br\/servidor\/wp-json\/wp\/v2\/tags?post=21144"}],"curies":[{"name":"wp","href":"https:\/\/api.w.org\/{rel}","templated":true}]}}