{"id":21138,"date":"2023-06-28T14:15:15","date_gmt":"2023-06-28T17:15:15","guid":{"rendered":"https:\/\/blogs.correiobraziliense.com.br\/servidor\/?p=21138"},"modified":"2023-06-28T14:15:15","modified_gmt":"2023-06-28T17:15:15","slug":"juizes-podem-participar-de-concurso-de-artigos-cientificos-inscricoes-terminam-nesta-sexta-30","status":"publish","type":"post","link":"https:\/\/blogs.correiobraziliense.com.br\/servidor\/juizes-podem-participar-de-concurso-de-artigos-cientificos-inscricoes-terminam-nesta-sexta-30\/","title":{"rendered":"Ju\u00edzes podem participar de concurso de artigos cient\u00edficos; inscri\u00e7\u00f5es terminam nesta sexta (30)"},"content":{"rendered":"<h2>Entre os pr\u00eamios est\u00e3o hospedagem para o evento de 20 anos do C\u00f3digo Civil e tablets no modelo Samsung Galaxy A7<\/h2>\n<p>A Associa\u00e7\u00e3o dos Magistrados Brasileiros (AMB), em parceria com o Conselho Federal da Ordem dos Advogados do Brasil (OAB), est\u00e1 promovendo o <a href=\"https:\/\/cpj.amb.com.br\/wp-content\/uploads\/2023\/06\/EDITAL-SORTEIO-Concurso-de-Artigos-Assinado.pdf\">&#8220;Concurso Nacional de Artigos Cient\u00edficos: 20 anos de Vig\u00eancia do C\u00f3digo Civil do Brasil&#8221;.<\/a><\/p>\n<p>As inscri\u00e7\u00f5es ser\u00e3o encerradas nesta sexta-feira (30). Os interessados em participar dever\u00e3o se inscrever no link do concurso. <a href=\"https:\/\/www.drisk.deloitte.com.br\/ConcursoNacionalArtigos\">Clique aqui e inscreva-se!<\/a> De acordo com o edital, cada magistrado associado a AMB poder\u00e1 preencher o formul\u00e1rio de inscri\u00e7\u00e3o uma \u00fanica vez.<\/p>\n<p>O tema do projeto s\u00e3o os 20 anos do C\u00f3digo Civil. Ser\u00e3o selecionados 24 artigos, que ter\u00e3o uma publica\u00e7\u00e3o conjunta da AMB e da OAB. Os autores tamb\u00e9m poder\u00e3o participar de um evento cient\u00edfico, que ser\u00e1 realizado no Superior Tribunal de Justi\u00e7a (STJ). A data ainda ser\u00e1 definida.<\/p>\n<p>Entre os objetivos do evento, est\u00e3o:<\/p>\n<p>a) Congregar os(as) magistrados(as) associados(as), fortalecendo sua uni\u00e3o;<br \/>\nb) Incentivar os(as) magistrados(as) associados(as) a participar do debate e produ\u00e7\u00e3o acad\u00eamica no que se refere \u00e0 aplica\u00e7\u00e3o e interpreta\u00e7\u00e3o do direito civil codificado atrav\u00e9s da elabora\u00e7\u00e3o de artigos cient\u00edficos;<br \/>\nc) Estimular o conv\u00edvio e intera\u00e7\u00e3o entre os(as) magistrados(as);<br \/>\nd) Promover a cultura dos(as) magistrados(as) associados(as); e<br \/>\ne) Ofertar benef\u00edcios aos(as) magistrados(as) associados(as) \u00e0 AMB.<\/p>\n<p>Seis associados da AMB ser\u00e3o sorteados e receber\u00e3o os seguintes pr\u00eamios: tr\u00eas inscri\u00e7\u00f5es ganhar\u00e3o hospedagem para o evento 20 anos do C\u00f3digo Civil &#8211; Avan\u00e7os e Desafios, que acontecer\u00e1 nos dias 17 e 18 de agosto; e outras tr\u00eas ganhar\u00e3o tablets no modelo Samsung Galaxy A7 Lite 64 Gb.<\/p>\n<p>O sorteio ser\u00e1 realizado no dia 13 de julho, \u00e0s 16h, por meio de <a href=\"https:\/\/sorteador.com.br\/embaralhador\/importar\">uma plataforma autom\u00e1tica.<\/a> Ser\u00e3o sorteados nove magistrados: tr\u00eas ganhadores titulares para o pr\u00eamio de inscri\u00e7\u00e3o e hospedagem, tr\u00eas ganhadores titulares para o tablet e tr\u00eas suplentes que poder\u00e3o receber a premia\u00e7\u00e3o em caso de desist\u00eancia do titular.<\/p>\n<p>O resultado do sorteio ser\u00e1 v\u00e1lido para o per\u00edodo de 13 de julho a 15 de agosto de 2023. O pr\u00eamio \u00e9 pessoal e intransfer\u00edvel. De acordo com a organiza\u00e7\u00e3o, a premia\u00e7\u00e3o do sorteio, n\u00e3o poder\u00e1, em nenhuma hip\u00f3tese, ser revertida em esp\u00e9cie, outro produto ou servi\u00e7o, dar direito a troca ou ser transferida a quem quer que seja.<\/p>\n<ul>\n<li><strong>Leia mais:<\/strong>\u00a0<a href=\"https:\/\/blogs.correiobraziliense.com.br\/servidor\/sessao-composta-apenas-por-juizas-ocorre-pela-primeira-vez-na-historia-do-tjdft\/\" rel=\"bookmark\">Sess\u00e3o composta apenas por ju\u00edzas ocorre pela primeira vez na hist\u00f3ria do TJDFT<\/a><\/li>\n<li><a href=\"https:\/\/blogs.correiobraziliense.com.br\/servidor\/professores-vitimas-de-agressoes-poderao-ter-atendimento-prioritario-em-servicos-de-saude-mental\/\" rel=\"bookmark\">Professores v\u00edtimas de agress\u00f5es poder\u00e3o ter atendimento priorit\u00e1rio em servi\u00e7os de sa\u00fade mental<\/a><\/li>\n<li><a href=\"https:\/\/blogs.correiobraziliense.com.br\/servidor\/projeto-desenvolvido-no-brasil-usara-inteligencia-artificial-para-guiar-acoes-de-gestores-publicos\/\" rel=\"bookmark\">Projeto desenvolvido no Brasil usar\u00e1 Intelig\u00eancia Artificial para guiar a\u00e7\u00f5es de gestores p\u00fablicos<\/a><\/li>\n<\/ul>\n","protected":false},"excerpt":{"rendered":"<p>Entre os pr\u00eamios est\u00e3o hospedagem para o evento de 20 anos do C\u00f3digo Civil e tablets no modelo Samsung Galaxy A7 A Associa\u00e7\u00e3o dos Magistrados Brasileiros (AMB), em parceria com o Conselho Federal da Ordem dos Advogados do Brasil (OAB), est\u00e1 promovendo o &#8220;Concurso Nacional de Artigos Cient\u00edficos: 20 anos de Vig\u00eancia do C\u00f3digo Civil do Brasil&#8221;. As inscri\u00e7\u00f5es ser\u00e3o [&hellip;]<\/p>\n","protected":false},"author":139,"featured_media":21139,"comment_status":"open","ping_status":"closed","sticky":false,"template":"","format":"standard","meta":{"footnotes":""},"categories":[19503,19502,19497],"tags":[15748,378,69,58,34,1040],"class_list":["post-21138","post","type-post","status-publish","format-standard","has-post-thumbnail","hentry","category-juizes","category-premiacao","category-servico-publico","tag-codigo-civil","tag-oab","tag-premio","tag-servidores","tag-stf","tag-stj"],"_links":{"self":[{"href":"https:\/\/blogs.correiobraziliense.com.br\/servidor\/wp-json\/wp\/v2\/posts\/21138","targetHints":{"allow":["GET"]}}],"collection":[{"href":"https:\/\/blogs.correiobraziliense.com.br\/servidor\/wp-json\/wp\/v2\/posts"}],"about":[{"href":"https:\/\/blogs.correiobraziliense.com.br\/servidor\/wp-json\/wp\/v2\/types\/post"}],"author":[{"embeddable":true,"href":"https:\/\/blogs.correiobraziliense.com.br\/servidor\/wp-json\/wp\/v2\/users\/139"}],"replies":[{"embeddable":true,"href":"https:\/\/blogs.correiobraziliense.com.br\/servidor\/wp-json\/wp\/v2\/comments?post=21138"}],"version-history":[{"count":1,"href":"https:\/\/blogs.correiobraziliense.com.br\/servidor\/wp-json\/wp\/v2\/posts\/21138\/revisions"}],"predecessor-version":[{"id":21140,"href":"https:\/\/blogs.correiobraziliense.com.br\/servidor\/wp-json\/wp\/v2\/posts\/21138\/revisions\/21140"}],"wp:featuredmedia":[{"embeddable":true,"href":"https:\/\/blogs.correiobraziliense.com.br\/servidor\/wp-json\/wp\/v2\/media\/21139"}],"wp:attachment":[{"href":"https:\/\/blogs.correiobraziliense.com.br\/servidor\/wp-json\/wp\/v2\/media?parent=21138"}],"wp:term":[{"taxonomy":"category","embeddable":true,"href":"https:\/\/blogs.correiobraziliense.com.br\/servidor\/wp-json\/wp\/v2\/categories?post=21138"},{"taxonomy":"post_tag","embeddable":true,"href":"https:\/\/blogs.correiobraziliense.com.br\/servidor\/wp-json\/wp\/v2\/tags?post=21138"}],"curies":[{"name":"wp","href":"https:\/\/api.w.org\/{rel}","templated":true}]}}