{"id":21129,"date":"2023-06-27T12:27:12","date_gmt":"2023-06-27T15:27:12","guid":{"rendered":"https:\/\/blogs.correiobraziliense.com.br\/servidor\/?p=21129"},"modified":"2023-06-27T12:30:15","modified_gmt":"2023-06-27T15:30:15","slug":"professores-vitimas-de-agressoes-poderao-ter-atendimento-prioritario-em-servicos-de-saude-mental","status":"publish","type":"post","link":"https:\/\/blogs.correiobraziliense.com.br\/servidor\/professores-vitimas-de-agressoes-poderao-ter-atendimento-prioritario-em-servicos-de-saude-mental\/","title":{"rendered":"Professores v\u00edtimas de agress\u00f5es poder\u00e3o ter atendimento priorit\u00e1rio em servi\u00e7os de sa\u00fade mental"},"content":{"rendered":"<h2>De acordo com o autor do projeto de lei, o deputado Rog\u00e9rio Morro da Cruz (sem partido), o DF tem, em m\u00e9dia, cinco casos de viol\u00eancia por dia nas escolas<\/h2>\n<p>Professores que forem v\u00edtimas de agress\u00f5es no ambiente escolar poder\u00e3o ter atendimento priorit\u00e1rio em servi\u00e7os de sa\u00fade mental. O <a href=\"https:\/\/rogeriomorrodacruz.com.br\/wp-content\/uploads\/sites\/367\/2023\/03\/PL-182_2023-Projeto-de-Lei-182_2023-Deputado-Rogerio-Morro-da-Cruz-61187.pdf\">projeto de lei 182\/2023<\/a>, aprovado na Comiss\u00e3o de Educa\u00e7\u00e3o, Sa\u00fade e Cultura (CESC), da C\u00e2mara Legislativa, por unanimidade, em reuni\u00e3o realizada na \u00faltima segunda-feira (19\/6), busca garantir esse direito.<\/p>\n<p>Segundo o deputado Rog\u00e9rio Morro da Cruz (sem partido), autor da proposta, no Distrito Federal acontece, em m\u00e9dia, cinco casos de viol\u00eancia por dia nas escolas. Em decorr\u00eancia deste cen\u00e1rio, os educadores podem desenvolver s\u00e9rios problemas psicol\u00f3gicos, como a depress\u00e3o, s\u00edndrome do p\u00e2nico e ansiedade, al\u00e9m de dificuldades no desenvolvimento da rela\u00e7\u00e3o ensino-aprendizagem e na conviv\u00eancia com a comunidade escolar.<\/p>\n<p>Para a relatora da mat\u00e9ria, deputada Dayne Amarilio (PSB), a implementa\u00e7\u00e3o do projeto de lei possui como objetivo principal proteger os professores e garantir-lhes atendimento, especialmente diante do hist\u00f3rico de ataques \u00e0s escolas.<\/p>\n<p>J\u00e1 o deputado Thiago Manzoni (PL) avalia que o ponto principal \u00e9 a invers\u00e3o dos valores sociais, que permite o afrontamento das figuras de autoridade. \u201cCrian\u00e7as e adolescentes que n\u00e3o aprendem dentro de casa a lidar com limites t\u00eam dificuldades em lidar com figuras de autoridade, e os professores sofrem com isso\u201d, disse.<\/p>\n<p>O PL agora passar\u00e1 pela an\u00e1lise das comiss\u00f5es de Economia, Or\u00e7amento e Finan\u00e7as (CEOF) e Constitui\u00e7\u00e3o e Justi\u00e7a (CCJ).<\/p>\n<p><em>Com informa\u00e7\u00f5es da Ag\u00eancia CLDF<\/em><\/p>\n","protected":false},"excerpt":{"rendered":"<p>De acordo com o autor do projeto de lei, o deputado Rog\u00e9rio Morro da Cruz (sem partido), o DF tem, em m\u00e9dia, cinco casos de viol\u00eancia por dia nas escolas Professores que forem v\u00edtimas de agress\u00f5es no ambiente escolar poder\u00e3o ter atendimento priorit\u00e1rio em servi\u00e7os de sa\u00fade mental. O projeto de lei 182\/2023, aprovado na Comiss\u00e3o de Educa\u00e7\u00e3o, Sa\u00fade e [&hellip;]<\/p>\n","protected":false},"author":139,"featured_media":21130,"comment_status":"open","ping_status":"closed","sticky":false,"template":"","format":"standard","meta":{"footnotes":""},"categories":[19501,19499,19500,19497,2719],"tags":[61,48,98,260,2976,616,208,58,19,261],"class_list":["post-21129","post","type-post","status-publish","format-standard","has-post-thumbnail","hentry","category-atendimento","category-educacao","category-saude-mental","category-servico-publico","category-servidor","tag-camara","tag-educacao","tag-governo","tag-justica","tag-professores","tag-saude","tag-seguranca","tag-servidores","tag-trabalhadores","tag-trabalho"],"_links":{"self":[{"href":"https:\/\/blogs.correiobraziliense.com.br\/servidor\/wp-json\/wp\/v2\/posts\/21129","targetHints":{"allow":["GET"]}}],"collection":[{"href":"https:\/\/blogs.correiobraziliense.com.br\/servidor\/wp-json\/wp\/v2\/posts"}],"about":[{"href":"https:\/\/blogs.correiobraziliense.com.br\/servidor\/wp-json\/wp\/v2\/types\/post"}],"author":[{"embeddable":true,"href":"https:\/\/blogs.correiobraziliense.com.br\/servidor\/wp-json\/wp\/v2\/users\/139"}],"replies":[{"embeddable":true,"href":"https:\/\/blogs.correiobraziliense.com.br\/servidor\/wp-json\/wp\/v2\/comments?post=21129"}],"version-history":[{"count":2,"href":"https:\/\/blogs.correiobraziliense.com.br\/servidor\/wp-json\/wp\/v2\/posts\/21129\/revisions"}],"predecessor-version":[{"id":21132,"href":"https:\/\/blogs.correiobraziliense.com.br\/servidor\/wp-json\/wp\/v2\/posts\/21129\/revisions\/21132"}],"wp:featuredmedia":[{"embeddable":true,"href":"https:\/\/blogs.correiobraziliense.com.br\/servidor\/wp-json\/wp\/v2\/media\/21130"}],"wp:attachment":[{"href":"https:\/\/blogs.correiobraziliense.com.br\/servidor\/wp-json\/wp\/v2\/media?parent=21129"}],"wp:term":[{"taxonomy":"category","embeddable":true,"href":"https:\/\/blogs.correiobraziliense.com.br\/servidor\/wp-json\/wp\/v2\/categories?post=21129"},{"taxonomy":"post_tag","embeddable":true,"href":"https:\/\/blogs.correiobraziliense.com.br\/servidor\/wp-json\/wp\/v2\/tags?post=21129"}],"curies":[{"name":"wp","href":"https:\/\/api.w.org\/{rel}","templated":true}]}}