{"id":2110,"date":"2016-06-29T20:10:25","date_gmt":"2016-06-29T23:10:25","guid":{"rendered":"https:\/\/blogs.correiobraziliense.com.br\/servidor\/?p=2110"},"modified":"2016-06-29T20:10:25","modified_gmt":"2016-06-29T23:10:25","slug":"reajustes-do-funcionalismo-devem-ser-suspensos-ate-revertermos-quadro-de-desemprego-diz-caiado","status":"publish","type":"post","link":"https:\/\/blogs.correiobraziliense.com.br\/servidor\/reajustes-do-funcionalismo-devem-ser-suspensos-ate-revertermos-quadro-de-desemprego-diz-caiado\/","title":{"rendered":"Reajustes do funcionalismo devem ser suspensos at\u00e9 revertermos quadro de desemprego, diz Caiado"},"content":{"rendered":"<p><em>O parlamentar votou a favor da reposi\u00e7\u00e3o salarial do Judici\u00e1rio e Minist\u00e9rio P\u00fablico cumprindo acordo firmado em 2015, por\u00e9m, declarou que outros reajustes n\u00e3o devem ocorrer<\/em><\/p>\n<p>O l\u00edder do Democratas no Senado, Ronaldo Caiado (GO), destacou em plen\u00e1rio nesta quarta-feira (29\/6) que aumentos do funcionalismo p\u00fablico devem ser suspensos at\u00e9 que se consiga reverter o quadro crescente de desemprego no pa\u00eds. O parlamentar votou a favor da reposi\u00e7\u00e3o salarial do Judici\u00e1rio e Minist\u00e9rio P\u00fablico cumprindo acordo firmado em 2015, por\u00e9m, declarou que outros reajustes n\u00e3o devem ocorrer. Na opini\u00e3o do senador goiano, n\u00e3o \u00e9 momento de pressionar o Senado em uma situa\u00e7\u00e3o de grave recess\u00e3o econ\u00f4mica em que mais de 11 milh\u00f5es de brasileiros est\u00e3o desempregados.<\/p>\n<p>\u201cEncerada essa vota\u00e7\u00e3o vamos voltar os olhos para resgatar a economia, recuperar o emprego de 11 milh\u00f5es de pessoas. N\u00e3o \u00e9 hora de pressionar senador para aumentar sal\u00e1rio no momento em que as empresas est\u00e3o fechando. Precisamos ter o esp\u00edrito p\u00fablico. O Senado saber\u00e1 se comportar dessa maneira numa hora de crise t\u00e3o importante quanto essa e n\u00e3o derivar para demagogia e oportunismo. Estamos votando sim neste momento aos funcion\u00e1rios do Judici\u00e1rio e Minist\u00e9rio P\u00fablico, mas dizendo claramente n\u00e3o vamos ter compromisso com aumento de nenhuma outra categoria para conseguirmos viabilizar a economia do Pa\u00eds\u201d, disse.<\/p>\n<p>O Senado aprovou os PLC 29\/2015 e PLC 26\/2015 que promovem reposi\u00e7\u00e3o salarial escalonada at\u00e9 2019 para servidores do Judici\u00e1rio e Minist\u00e9rio P\u00fablico sem reajuste h\u00e1 nove anos. O texto segue para san\u00e7\u00e3o presidencial.<\/p>\n","protected":false},"excerpt":{"rendered":"<p>O parlamentar votou a favor da reposi\u00e7\u00e3o salarial do Judici\u00e1rio e Minist\u00e9rio P\u00fablico cumprindo acordo firmado em 2015, por\u00e9m, declarou que outros reajustes n\u00e3o devem ocorrer O l\u00edder do Democratas no Senado, Ronaldo Caiado (GO), destacou em plen\u00e1rio nesta quarta-feira (29\/6) que aumentos do funcionalismo p\u00fablico devem ser suspensos at\u00e9 que se consiga reverter o quadro crescente de desemprego no [&hellip;]<\/p>\n","protected":false},"author":27,"featured_media":0,"comment_status":"open","ping_status":"closed","sticky":false,"template":"","format":"standard","meta":{"footnotes":""},"categories":[1],"tags":[2293,2596,1164,64,417,1816,63,2595,882,2593,2594,18,1747],"class_list":["post-2110","post","type-post","status-publish","format-standard","hentry","category-sem-categoria","tag-desemprego","tag-economico","tag-funcionalismo","tag-judiciario","tag-ministerio-publico","tag-quadro","tag-reajuste","tag-recessao","tag-reposicao","tag-revertermos","tag-ronaldo-caiado","tag-salarial","tag-suspenso"],"_links":{"self":[{"href":"https:\/\/blogs.correiobraziliense.com.br\/servidor\/wp-json\/wp\/v2\/posts\/2110","targetHints":{"allow":["GET"]}}],"collection":[{"href":"https:\/\/blogs.correiobraziliense.com.br\/servidor\/wp-json\/wp\/v2\/posts"}],"about":[{"href":"https:\/\/blogs.correiobraziliense.com.br\/servidor\/wp-json\/wp\/v2\/types\/post"}],"author":[{"embeddable":true,"href":"https:\/\/blogs.correiobraziliense.com.br\/servidor\/wp-json\/wp\/v2\/users\/27"}],"replies":[{"embeddable":true,"href":"https:\/\/blogs.correiobraziliense.com.br\/servidor\/wp-json\/wp\/v2\/comments?post=2110"}],"version-history":[{"count":1,"href":"https:\/\/blogs.correiobraziliense.com.br\/servidor\/wp-json\/wp\/v2\/posts\/2110\/revisions"}],"predecessor-version":[{"id":2111,"href":"https:\/\/blogs.correiobraziliense.com.br\/servidor\/wp-json\/wp\/v2\/posts\/2110\/revisions\/2111"}],"wp:attachment":[{"href":"https:\/\/blogs.correiobraziliense.com.br\/servidor\/wp-json\/wp\/v2\/media?parent=2110"}],"wp:term":[{"taxonomy":"category","embeddable":true,"href":"https:\/\/blogs.correiobraziliense.com.br\/servidor\/wp-json\/wp\/v2\/categories?post=2110"},{"taxonomy":"post_tag","embeddable":true,"href":"https:\/\/blogs.correiobraziliense.com.br\/servidor\/wp-json\/wp\/v2\/tags?post=2110"}],"curies":[{"name":"wp","href":"https:\/\/api.w.org\/{rel}","templated":true}]}}