{"id":21094,"date":"2021-11-11T18:19:33","date_gmt":"2021-11-11T21:19:33","guid":{"rendered":"https:\/\/blogs.correiobraziliense.com.br\/servidor\/?p=21094"},"modified":"2021-11-11T18:19:33","modified_gmt":"2021-11-11T21:19:33","slug":"ministerio-da-economia-lanca-edital-para-modernizar-servicos-de-transporte-administrativo","status":"publish","type":"post","link":"https:\/\/blogs.correiobraziliense.com.br\/servidor\/ministerio-da-economia-lanca-edital-para-modernizar-servicos-de-transporte-administrativo\/","title":{"rendered":"Minist\u00e9rio da Economia lan\u00e7a edital para modernizar servi\u00e7os de transporte administrativo"},"content":{"rendered":"<p><em><strong>A expectativa do \u00f3rg\u00e3o \u00e9 de que o novo modelo v\u00e1 revolucionar o transporte de autoridades, servidores, documentos e cargas de toda a administra\u00e7\u00e3o p\u00fablica federal, a partir de mar\u00e7o de 2022. O Minist\u00e9rio da Economia n\u00e3o divulgou no edital sobre o tamanho do investimento previsto para a contrata\u00e7\u00e3o<\/strong><\/em><\/p>\n<figure id=\"attachment_16606\" aria-describedby=\"caption-attachment-16606\" style=\"width: 800px\" class=\"wp-caption alignright\"><img loading=\"lazy\" decoding=\"async\" class=\"size-full wp-image-16606\" src=\"https:\/\/blogs.correiobraziliense.com.br\/servidor\/wp-content\/uploads\/sites\/10\/2020\/06\/CBPFOT030120190122.jpg\" alt=\"Minist\u00e9rio da Economia\" width=\"800\" height=\"532\" srcset=\"https:\/\/blogs.correiobraziliense.com.br\/servidor\/wp-content\/uploads\/sites\/10\/2020\/06\/CBPFOT030120190122.jpg 800w, https:\/\/blogs.correiobraziliense.com.br\/servidor\/wp-content\/uploads\/sites\/10\/2020\/06\/CBPFOT030120190122-300x200.jpg 300w, https:\/\/blogs.correiobraziliense.com.br\/servidor\/wp-content\/uploads\/sites\/10\/2020\/06\/CBPFOT030120190122-768x511.jpg 768w, https:\/\/blogs.correiobraziliense.com.br\/servidor\/wp-content\/uploads\/sites\/10\/2020\/06\/CBPFOT030120190122-550x366.jpg 550w, https:\/\/blogs.correiobraziliense.com.br\/servidor\/wp-content\/uploads\/sites\/10\/2020\/06\/CBPFOT030120190122-230x153.jpg 230w\" sizes=\"auto, (max-width: 800px) 100vw, 800px\" \/><figcaption id=\"caption-attachment-16606\" class=\"wp-caption-text\">Marcelo Ferreira\/CB\/D.A Press<\/figcaption><\/figure>\n<p>O Minist\u00e9rio da Economia (ME) informou que &#8220;vai modernizar o transporte de autoridades, servidores, documentos e cargas de toda a administra\u00e7\u00e3o p\u00fablica federal&#8221;. Para tal, divulgou, hoje (11), um edital para a contrata\u00e7\u00e3o de empresa que ofere\u00e7a um sistema que centralize a gest\u00e3o dos servi\u00e7os de transporte administrativo. A iniciativa \u00e9 considerada &#8220;uma evolu\u00e7\u00e3o do T\u00e1xiGov&#8221;. A solu\u00e7\u00e3o tecnol\u00f3gica servir\u00e1 tanto como um integrador de fornecedores de transporte, por meio de APIs, quanto como uma ferramenta de\u202fgest\u00e3o\u202fde frotas pr\u00f3prias e locadas.<\/p>\n<p>\u201cEstamos levando o T\u00e1xiGov para todo o Brasil, uma experi\u00eancia de sucesso desde 2017. Agora, chegou a vez de contratar uma solu\u00e7\u00e3o que facilite a gest\u00e3o do transporte como um todo, tanto da frota pr\u00f3pria quanto locada\u201d, explica o secret\u00e1rio de Gest\u00e3o da Secretaria Especial de Desburocratiza\u00e7\u00e3o, Gest\u00e3o e Governo Digital do ME, Cristiano Heckert. \u201cEste novo servi\u00e7o revolucionar\u00e1 o transporte administrativo de todo o governo federal; ser\u00e1 um \u00fanico sistema, que tamb\u00e9m funcionar\u00e1 em dispositivos m\u00f3veis, para a gest\u00e3o das diversas formas de transporte terrestre\u201d, complementa Heckert.<\/p>\n<p>A proposta do minist\u00e9rio \u00e9 modernizar a experi\u00eancia para o usu\u00e1rio de transporte administrativo\u00a0 e a gest\u00e3o. De acordo com o secret\u00e1rio, a realidade atual, com poucas informa\u00e7\u00f5es consolidadas, dificulta a transpar\u00eancia e a gest\u00e3o eficiente do transporte administrativo, o que ser\u00e1 transformado pela gera\u00e7\u00e3o de dados confi\u00e1veis e precisos.<\/p>\n<p><strong>T\u00e1xiGov<\/strong><br \/>\nO trabalho de modernizar o servi\u00e7o de transporte administrativo come\u00e7ou em 2017 com o T\u00e1xiGov. At\u00e9 o momento, esse modelo j\u00e1 est\u00e1 presente em 212 \u00f3rg\u00e3os e entidades. A implanta\u00e7\u00e3o do programa j\u00e1 gerou uma economia de mais de R$ 32 milh\u00f5es aos cofres p\u00fablicos.<\/p>\n<p>Outra vantagem do T\u00e1xiGov \u00e9 a possibilidade de leil\u00e3o de ve\u00edculos. Desde o in\u00edcio do programa, 137 ve\u00edculos j\u00e1 foram leiloados, o que resultou numa arrecada\u00e7\u00e3o de R$ 1,9 milh\u00e3o. A partir da iniciativa, tamb\u00e9m houve a digitaliza\u00e7\u00e3o do servi\u00e7o na administra\u00e7\u00e3o p\u00fablica, com redu\u00e7\u00e3o de 22% no tempo m\u00e9dio de atendimento.<\/p>\n<p>A expectativa do minist\u00e9rio \u00e9 de iniciar a implanta\u00e7\u00e3o do novo servi\u00e7o a partir de mar\u00e7o de 2022.<\/p>\n<p>Mais informa\u00e7\u00f5es:<br \/>\nhttps:\/\/www.gov.br\/compras\/edital\/201057-5-00032-2021<\/p>\n","protected":false},"excerpt":{"rendered":"<p>A expectativa do \u00f3rg\u00e3o \u00e9 de que o novo modelo v\u00e1 revolucionar o transporte de autoridades, servidores, documentos e cargas de toda a administra\u00e7\u00e3o p\u00fablica federal, a partir de mar\u00e7o de 2022. O Minist\u00e9rio da Economia n\u00e3o divulgou no edital sobre o tamanho do investimento previsto para a contrata\u00e7\u00e3o O Minist\u00e9rio da Economia (ME) informou que &#8220;vai modernizar o transporte [&hellip;]<\/p>\n","protected":false},"author":27,"featured_media":0,"comment_status":"open","ping_status":"closed","sticky":false,"template":"","format":"standard","meta":{"footnotes":""},"categories":[2719],"tags":[1191,1935,2803,172,760,92,124,7234,16711,315,217,14327,147,1379,58,961,7821,8316,3714],"class_list":["post-21094","post","type-post","status-publish","format-standard","hentry","category-servidor","tag-administracao","tag-autoridades","tag-cargas","tag-contratacao","tag-documentos","tag-edital","tag-federal","tag-fornecedores","tag-frotas","tag-gestao","tag-investimento","tag-ministerio-da-economia","tag-publica","tag-servicos","tag-servidores","tag-sistema","tag-taxigov","tag-tecnologica","tag-transporte"],"_links":{"self":[{"href":"https:\/\/blogs.correiobraziliense.com.br\/servidor\/wp-json\/wp\/v2\/posts\/21094","targetHints":{"allow":["GET"]}}],"collection":[{"href":"https:\/\/blogs.correiobraziliense.com.br\/servidor\/wp-json\/wp\/v2\/posts"}],"about":[{"href":"https:\/\/blogs.correiobraziliense.com.br\/servidor\/wp-json\/wp\/v2\/types\/post"}],"author":[{"embeddable":true,"href":"https:\/\/blogs.correiobraziliense.com.br\/servidor\/wp-json\/wp\/v2\/users\/27"}],"replies":[{"embeddable":true,"href":"https:\/\/blogs.correiobraziliense.com.br\/servidor\/wp-json\/wp\/v2\/comments?post=21094"}],"version-history":[{"count":1,"href":"https:\/\/blogs.correiobraziliense.com.br\/servidor\/wp-json\/wp\/v2\/posts\/21094\/revisions"}],"predecessor-version":[{"id":21096,"href":"https:\/\/blogs.correiobraziliense.com.br\/servidor\/wp-json\/wp\/v2\/posts\/21094\/revisions\/21096"}],"wp:attachment":[{"href":"https:\/\/blogs.correiobraziliense.com.br\/servidor\/wp-json\/wp\/v2\/media?parent=21094"}],"wp:term":[{"taxonomy":"category","embeddable":true,"href":"https:\/\/blogs.correiobraziliense.com.br\/servidor\/wp-json\/wp\/v2\/categories?post=21094"},{"taxonomy":"post_tag","embeddable":true,"href":"https:\/\/blogs.correiobraziliense.com.br\/servidor\/wp-json\/wp\/v2\/tags?post=21094"}],"curies":[{"name":"wp","href":"https:\/\/api.w.org\/{rel}","templated":true}]}}