{"id":21085,"date":"2021-11-10T20:20:20","date_gmt":"2021-11-10T23:20:20","guid":{"rendered":"https:\/\/blogs.correiobraziliense.com.br\/servidor\/?p=21085"},"modified":"2021-11-10T20:20:20","modified_gmt":"2021-11-10T23:20:20","slug":"centrais-sindicais-articulam-estrategias-contra-a-reforma-administrativa-em-13-de-novembro","status":"publish","type":"post","link":"https:\/\/blogs.correiobraziliense.com.br\/servidor\/centrais-sindicais-articulam-estrategias-contra-a-reforma-administrativa-em-13-de-novembro\/","title":{"rendered":"Centrais sindicais articulam estrat\u00e9gias contra a reforma administrativa em 13 de novembro"},"content":{"rendered":"<p><em><strong>As centrais sindicais convocam todos os trabalhadores e trabalhadoras para a Plen\u00e1ria Nacional contra a PEC 32, que ocorrer\u00e1 no s\u00e1bado (13), das 8h30 \u00e0s 13h, pela plataforma Zoom. As inscri\u00e7\u00f5es para a atividade podem ser realizadas pelo site bit.ly\/inscricao_plenaria<\/strong><\/em><\/p>\n<p><img loading=\"lazy\" decoding=\"async\" class=\"size-full wp-image-19542 aligncenter\" src=\"https:\/\/blogs.correiobraziliense.com.br\/servidor\/wp-content\/uploads\/sites\/10\/2021\/05\/PRIVILEGIO-CUT-SP.jpg\" alt=\"\" width=\"700\" height=\"460\" srcset=\"https:\/\/blogs.correiobraziliense.com.br\/servidor\/wp-content\/uploads\/sites\/10\/2021\/05\/PRIVILEGIO-CUT-SP.jpg 700w, https:\/\/blogs.correiobraziliense.com.br\/servidor\/wp-content\/uploads\/sites\/10\/2021\/05\/PRIVILEGIO-CUT-SP-300x197.jpg 300w, https:\/\/blogs.correiobraziliense.com.br\/servidor\/wp-content\/uploads\/sites\/10\/2021\/05\/PRIVILEGIO-CUT-SP-550x361.jpg 550w, https:\/\/blogs.correiobraziliense.com.br\/servidor\/wp-content\/uploads\/sites\/10\/2021\/05\/PRIVILEGIO-CUT-SP-230x151.jpg 230w\" sizes=\"auto, (max-width: 700px) 100vw, 700px\" \/><\/p>\n<p>&#8220;As mobiliza\u00e7\u00f5es contra a Reforma Administrativa continuam por todo Brasil. Temos que intensificar a luta contra a Proposta que \u00e9 um ataque frontal aos servi\u00e7os p\u00fablicos, como sa\u00fade e educa\u00e7\u00e3o, e que vai atingir sobretudo os mais pobres&#8221;, orientam.<\/p>\n<p>Concentrados no Anexo II da C\u00e2mara dos Deputados, na manh\u00e3 desta quarta-feira (10), os servidores sa\u00edram em marcha at\u00e9 a Procuradoria-Geral da Rep\u00fablica (PGR) para cobrar o desengavetamento da CPI da Pandemia (fotos). \u00c0\u00a0tarde, a partir das 14h, a mobiliza\u00e7\u00e3o continuou na vig\u00edlia permanente em frente ao Anexo II.<\/p>\n<p>Inscreva-se, vagas limitadas<br \/>\nbit.ly\/inscricao_plenaria<\/p>\n","protected":false},"excerpt":{"rendered":"<p>As centrais sindicais convocam todos os trabalhadores e trabalhadoras para a Plen\u00e1ria Nacional contra a PEC 32, que ocorrer\u00e1 no s\u00e1bado (13), das 8h30 \u00e0s 13h, pela plataforma Zoom. As inscri\u00e7\u00f5es para a atividade podem ser realizadas pelo site bit.ly\/inscricao_plenaria &#8220;As mobiliza\u00e7\u00f5es contra a Reforma Administrativa continuam por todo Brasil. Temos que intensificar a luta contra a Proposta que \u00e9 [&hellip;]<\/p>\n","protected":false},"author":27,"featured_media":0,"comment_status":"open","ping_status":"closed","sticky":false,"template":"","format":"standard","meta":{"footnotes":""},"categories":[2719],"tags":[1101,1291,18170,15938],"class_list":["post-21085","post","type-post","status-publish","format-standard","hentry","category-servidor","tag-centrais-sindicais","tag-inscricao","tag-pec-32-2020","tag-reforma-administrativa"],"_links":{"self":[{"href":"https:\/\/blogs.correiobraziliense.com.br\/servidor\/wp-json\/wp\/v2\/posts\/21085","targetHints":{"allow":["GET"]}}],"collection":[{"href":"https:\/\/blogs.correiobraziliense.com.br\/servidor\/wp-json\/wp\/v2\/posts"}],"about":[{"href":"https:\/\/blogs.correiobraziliense.com.br\/servidor\/wp-json\/wp\/v2\/types\/post"}],"author":[{"embeddable":true,"href":"https:\/\/blogs.correiobraziliense.com.br\/servidor\/wp-json\/wp\/v2\/users\/27"}],"replies":[{"embeddable":true,"href":"https:\/\/blogs.correiobraziliense.com.br\/servidor\/wp-json\/wp\/v2\/comments?post=21085"}],"version-history":[{"count":1,"href":"https:\/\/blogs.correiobraziliense.com.br\/servidor\/wp-json\/wp\/v2\/posts\/21085\/revisions"}],"predecessor-version":[{"id":21086,"href":"https:\/\/blogs.correiobraziliense.com.br\/servidor\/wp-json\/wp\/v2\/posts\/21085\/revisions\/21086"}],"wp:attachment":[{"href":"https:\/\/blogs.correiobraziliense.com.br\/servidor\/wp-json\/wp\/v2\/media?parent=21085"}],"wp:term":[{"taxonomy":"category","embeddable":true,"href":"https:\/\/blogs.correiobraziliense.com.br\/servidor\/wp-json\/wp\/v2\/categories?post=21085"},{"taxonomy":"post_tag","embeddable":true,"href":"https:\/\/blogs.correiobraziliense.com.br\/servidor\/wp-json\/wp\/v2\/tags?post=21085"}],"curies":[{"name":"wp","href":"https:\/\/api.w.org\/{rel}","templated":true}]}}