{"id":21077,"date":"2021-11-09T16:43:56","date_gmt":"2021-11-09T19:43:56","guid":{"rendered":"https:\/\/blogs.correiobraziliense.com.br\/servidor\/?p=21077"},"modified":"2021-11-09T16:43:56","modified_gmt":"2021-11-09T19:43:56","slug":"vejam-como-a-boiada-esta-passando","status":"publish","type":"post","link":"https:\/\/blogs.correiobraziliense.com.br\/servidor\/vejam-como-a-boiada-esta-passando\/","title":{"rendered":"Vejam como a boiada est\u00e1 passando"},"content":{"rendered":"<p><em><strong>Enquanto o governo Bolsonaro, os analistas neoliberais de plant\u00e3o e a grande m\u00eddia distraem o povo, o projeto financeiro rentista neoliberal avan\u00e7a!<\/strong><\/em><\/p>\n<p><em><strong>Paulo Lindesay*<\/strong><\/em><\/p>\n<p><img loading=\"lazy\" decoding=\"async\" class=\"size-full wp-image-21078 alignleft\" src=\"https:\/\/blogs.correiobraziliense.com.br\/servidor\/wp-content\/uploads\/sites\/10\/2021\/11\/PAULO-LINDSAY.jpg\" alt=\"\" width=\"640\" height=\"480\" srcset=\"https:\/\/blogs.correiobraziliense.com.br\/servidor\/wp-content\/uploads\/sites\/10\/2021\/11\/PAULO-LINDSAY.jpg 640w, https:\/\/blogs.correiobraziliense.com.br\/servidor\/wp-content\/uploads\/sites\/10\/2021\/11\/PAULO-LINDSAY-300x225.jpg 300w, https:\/\/blogs.correiobraziliense.com.br\/servidor\/wp-content\/uploads\/sites\/10\/2021\/11\/PAULO-LINDSAY-550x413.jpg 550w, https:\/\/blogs.correiobraziliense.com.br\/servidor\/wp-content\/uploads\/sites\/10\/2021\/11\/PAULO-LINDSAY-230x173.jpg 230w\" sizes=\"auto, (max-width: 640px) 100vw, 640px\" \/><\/p>\n<p>Em 2020, a Despesa Geral da Uni\u00e3o, executada pelo governo Bolsonaro foi de aproximadamente R$ 3,535 trilh\u00f5es. Desse total cerca de R$ 2,154 trilh\u00f5es ou 61,92%, foram destinados ao OR\u00c7AMENTO PRIM\u00c1RIO DA UNI\u00c3O. Onde verdadeiramente reside o Estado Social brasileiro (Sa\u00fade, Educa\u00e7\u00e3o, Saneamento, C&amp;T, Cultura, energia&#8230;etc.). A diferen\u00e7a foi executado em favor da D\u00cdVIDA P\u00daBICA FEDERAL, cerca de R$ 1,381 trilh\u00e3o ou 39,08% da Despesa Geral da Uni\u00e3o.<\/p>\n<p>Como podemos constatar, mesmo com o pseudo TETO DE GASTO, aprovado pela emenda constitucional n. 95\/2016, que colocou uma trava, apenas na metade do or\u00e7amento p\u00fablico federal, referente ao gasto prim\u00e1rio. Enquanto a D\u00edvida P\u00fablica Federal, est\u00e1 sem limite e dota\u00e7\u00e3o or\u00e7ament\u00e1ria.<\/p>\n<p>O gasto PRIM\u00c1RIO DA UNI\u00c3O, em 2020, foi cerca de R$ 773 bilh\u00f5es maior que o gasto com a D\u00cdVIDA P\u00daBLICA FEDERAL.<\/p>\n<p>Em 2021, essa rea\u00e7\u00e3o se inverteu. Na previs\u00e3o da LOA\/2021, aprovada pelo CONGRESSO NACIONAL, a pedido do governo Bolsonaro, o gasto com a D\u00cdVIDA P\u00daBLILCA FEDERAL ser\u00e1 cerca de R$ 2,236 trilh\u00f5es ou 53% da Despesa Geral da Uni\u00e3o. Quase R$ 855 bilh\u00f5es a mais que o gasto de 2020. Enquanto o gasto Prim\u00e1rio da Uni\u00e3o ser\u00e1 reduzido de 61,92% para 47%, da Despesa Geral da Uni\u00e3o. Como um pa\u00eds que seu presidente diz que est\u00e1 quebrado, pode executar um pagamento dessa monta?<\/p>\n<p>At\u00e9 novembro de 2021, o governo Bolsonaro executou uma Despesa Geral da Uni\u00e3o cerca de R$ 3,513 trilh\u00f5es. Desse total cerca de R$ 1,921 trilh\u00e3o ou 54,68%, foram destinados ao pagamento da D\u00cdVIDA P\u00daBLICA FEDERAL. Um crescimento cerca de R$ 540 bilh\u00f5es em rela\u00e7\u00e3o ao pagamento da D\u00edvida P\u00fablica Federal, executada em 2020.<\/p>\n<p>Prestem aten\u00e7\u00e3o numa coisa!!! O OR\u00c7AMENTO PRIM\u00c1RIO DA UNI\u00c3O, executado em 2020, cerca de R$ 2,154 trilh\u00f5es, da Despesa Geral da Uni\u00e3o, j\u00e1 foi reduzido para R$ 1,592 trilh\u00e3o ou seja, reduzido em cerca de R$ 562 bilh\u00f5es, em rela\u00e7\u00e3o a 2020. Sem aprova\u00e7\u00e3o da pseudo Reforma Administrativa. Qual ser\u00e1 o tamanho da redu\u00e7\u00e3o do OR\u00c7AMENTO PRIM\u00c1RIO DA UNI\u00c3O, se a PEC 32 for aprovada?<\/p>\n<p><em>*Paulo Lindesay<\/em> &#8211; Diretor da ASSIBGE-SN\/Coordenador do N\u00facleo da Auditoria Cidad\u00e3 RJ.<\/p>\n","protected":false},"excerpt":{"rendered":"<p>Enquanto o governo Bolsonaro, os analistas neoliberais de plant\u00e3o e a grande m\u00eddia distraem o povo, o projeto financeiro rentista neoliberal avan\u00e7a! Paulo Lindesay* Em 2020, a Despesa Geral da Uni\u00e3o, executada pelo governo Bolsonaro foi de aproximadamente R$ 3,535 trilh\u00f5es. Desse total cerca de R$ 2,154 trilh\u00f5es ou 61,92%, foram destinados ao OR\u00c7AMENTO PRIM\u00c1RIO DA UNI\u00c3O. Onde verdadeiramente reside [&hellip;]<\/p>\n","protected":false},"author":27,"featured_media":0,"comment_status":"open","ping_status":"closed","sticky":false,"template":"","format":"standard","meta":{"footnotes":""},"categories":[2719],"tags":[19023,6400,1928,3994,967,48,1792,1551,98,6910,13899,19486,3516,616,330],"class_list":["post-21077","post","type-post","status-publish","format-standard","hentry","category-servidor","tag-boiada","tag-bolsonaro","tag-cultura","tag-despesa","tag-divida-publica","tag-educacao","tag-energia","tag-financeiro","tag-governo","tag-midia","tag-neoliberais","tag-orcamento-primario","tag-saneamento","tag-saude","tag-uniao"],"_links":{"self":[{"href":"https:\/\/blogs.correiobraziliense.com.br\/servidor\/wp-json\/wp\/v2\/posts\/21077","targetHints":{"allow":["GET"]}}],"collection":[{"href":"https:\/\/blogs.correiobraziliense.com.br\/servidor\/wp-json\/wp\/v2\/posts"}],"about":[{"href":"https:\/\/blogs.correiobraziliense.com.br\/servidor\/wp-json\/wp\/v2\/types\/post"}],"author":[{"embeddable":true,"href":"https:\/\/blogs.correiobraziliense.com.br\/servidor\/wp-json\/wp\/v2\/users\/27"}],"replies":[{"embeddable":true,"href":"https:\/\/blogs.correiobraziliense.com.br\/servidor\/wp-json\/wp\/v2\/comments?post=21077"}],"version-history":[{"count":1,"href":"https:\/\/blogs.correiobraziliense.com.br\/servidor\/wp-json\/wp\/v2\/posts\/21077\/revisions"}],"predecessor-version":[{"id":21079,"href":"https:\/\/blogs.correiobraziliense.com.br\/servidor\/wp-json\/wp\/v2\/posts\/21077\/revisions\/21079"}],"wp:attachment":[{"href":"https:\/\/blogs.correiobraziliense.com.br\/servidor\/wp-json\/wp\/v2\/media?parent=21077"}],"wp:term":[{"taxonomy":"category","embeddable":true,"href":"https:\/\/blogs.correiobraziliense.com.br\/servidor\/wp-json\/wp\/v2\/categories?post=21077"},{"taxonomy":"post_tag","embeddable":true,"href":"https:\/\/blogs.correiobraziliense.com.br\/servidor\/wp-json\/wp\/v2\/tags?post=21077"}],"curies":[{"name":"wp","href":"https:\/\/api.w.org\/{rel}","templated":true}]}}