{"id":21073,"date":"2021-11-07T16:29:48","date_gmt":"2021-11-07T19:29:48","guid":{"rendered":"https:\/\/blogs.correiobraziliense.com.br\/servidor\/?p=21073"},"modified":"2021-11-07T16:29:48","modified_gmt":"2021-11-07T19:29:48","slug":"reforco-no-debate-sobre-indenizacao-para-trabalhadores-de-saude-vitimas-da-covid-19","status":"publish","type":"post","link":"https:\/\/blogs.correiobraziliense.com.br\/servidor\/reforco-no-debate-sobre-indenizacao-para-trabalhadores-de-saude-vitimas-da-covid-19\/","title":{"rendered":"Refor\u00e7o no debate sobre indeniza\u00e7\u00e3o para trabalhadores de sa\u00fade v\u00edtimas da covid-19"},"content":{"rendered":"<p><em><strong>Internacional dos Servi\u00e7os P\u00fablicos (ISP Brasil),\u00a0Confedera\u00e7\u00e3o Nacional dos Trabalhadores em Seguridade Social da\u00a0<\/strong><\/em><em><strong>CUT (CTSS\/CUT), Confedera\u00e7\u00e3o Nacional dos Trabalhadores na Sa\u00fade (CNTS), Federa\u00e7\u00e3o Nacional dos Enfermeiros (FNE), Partido\u00a0Socialismo e Liberdade (PSOL) e Central \u00danica dos Trabalhadores (CUT) foram admitidos na a\u00e7\u00e3o direta de inconstitucionalidade 2.130, como amici\u00a0curiae, com o objetivo de &#8220;enriquecer o debate\u00a0constitucional e fornecer informa\u00e7\u00f5es e dados t\u00e9cnicos relevantes&#8221;<\/strong><\/em><\/p>\n<p><img loading=\"lazy\" decoding=\"async\" class=\"alignright size-full wp-image-18801\" src=\"https:\/\/blogs.correiobraziliense.com.br\/servidor\/wp-content\/uploads\/sites\/10\/2021\/01\/mortes-covid.jpg\" alt=\"\" width=\"675\" height=\"450\" srcset=\"https:\/\/blogs.correiobraziliense.com.br\/servidor\/wp-content\/uploads\/sites\/10\/2021\/01\/mortes-covid.jpg 675w, https:\/\/blogs.correiobraziliense.com.br\/servidor\/wp-content\/uploads\/sites\/10\/2021\/01\/mortes-covid-300x200.jpg 300w, https:\/\/blogs.correiobraziliense.com.br\/servidor\/wp-content\/uploads\/sites\/10\/2021\/01\/mortes-covid-550x367.jpg 550w, https:\/\/blogs.correiobraziliense.com.br\/servidor\/wp-content\/uploads\/sites\/10\/2021\/01\/mortes-covid-230x153.jpg 230w\" sizes=\"auto, (max-width: 675px) 100vw, 675px\" \/><\/p>\n<p>A Lei 14.128\/21 estabelece a compensa\u00e7\u00e3o financeira aos profissionais de sa\u00fade da linha de frente de combate \u00e0 covid-19 em caso de invalidez permanente ou morte.\u00a0A indeniza\u00e7\u00e3o devida \u00e9 de R$ 50 mil para o trabalhador ou sua fam\u00edlia. No caso de falecimento, h\u00e1 ainda uma presta\u00e7\u00e3o vari\u00e1vel para dependentes menores de 21 anos \u2014 ou 24, caso estejam cursando faculdade. Neste caso, o valor \u00e9 calculado multiplicando-se R$ 10 mil pelo n\u00famero de anos que faltam para atingir a idade necess\u00e1ria<\/p>\n<p>Segundo a lei, ter\u00e3o direito profissionais como m\u00e9dicos, enfermeiros, fisioterapeutas, assistentes sociais, agentes comunit\u00e1rios, t\u00e9cnicos de laborat\u00f3rio e outros que atuam na \u00e1rea, al\u00e9m de trabalhadores dos necrot\u00e9rios e coveiros.<br \/>\nA presen\u00e7a de comorbidades n\u00e3o afasta o direito ao recebimento da compensa\u00e7\u00e3o financeira. A indeniza\u00e7\u00e3o poder\u00e1 ser concedida mesmo que a covid-19 n\u00e3o tenha sido a \u00fanica causa, principal ou imediata, para a incapacidade permanente para o trabalho ou do \u00f3bito.<\/p>\n<p>Entretanto, deve ser mantido o nexo temporal entre a data de in\u00edcio da doen\u00e7a e o diagn\u00f3stico, comprovado por exames laboratoriais ou laudo m\u00e9dico atestando quadro cl\u00ednico compat\u00edvel com a doen\u00e7a. A\u00a0indeniza\u00e7\u00e3o estar\u00e1 sujeita \u00e0 avalia\u00e7\u00e3o de per\u00edcia m\u00e9dicapor servidores da carreira de perito m\u00e9dico federal e ser\u00e1 devida mesmo se a incapacidade ou morte ocorrer depois do fim do estado de calamidade p\u00fablica.<\/p>\n<p><strong>Tributos<\/strong><br \/>\nComo o dinheiro ter\u00e1 natureza indenizat\u00f3ria, sobre ele n\u00e3o incidir\u00e1 o pagamento de imposto de renda ou de contribui\u00e7\u00e3o previdenci\u00e1ria, al\u00e9m de n\u00e3o prejudicar o direito ao recebimento de benef\u00edcios previdenci\u00e1rios ou assistenciais previstos em lei.<\/p>\n<p><em>Fonte: Ag\u00eancia C\u00e2mara de Not\u00edcias<\/em><\/p>\n","protected":false},"excerpt":{"rendered":"<p>Internacional dos Servi\u00e7os P\u00fablicos (ISP Brasil),\u00a0Confedera\u00e7\u00e3o Nacional dos Trabalhadores em Seguridade Social da\u00a0CUT (CTSS\/CUT), Confedera\u00e7\u00e3o Nacional dos Trabalhadores na Sa\u00fade (CNTS), Federa\u00e7\u00e3o Nacional dos Enfermeiros (FNE), Partido\u00a0Socialismo e Liberdade (PSOL) e Central \u00danica dos Trabalhadores (CUT) foram admitidos na a\u00e7\u00e3o direta de inconstitucionalidade 2.130, como amici\u00a0curiae, com o objetivo de &#8220;enriquecer o debate\u00a0constitucional e fornecer informa\u00e7\u00f5es e dados t\u00e9cnicos relevantes&#8221; [&hellip;]<\/p>\n","protected":false},"author":27,"featured_media":0,"comment_status":"open","ping_status":"closed","sticky":false,"template":"","format":"standard","meta":{"footnotes":""},"categories":[2719],"tags":[2113,17256,2319,4875,355,1037,2731,19484,1746,1075,616,19,1825,5510],"class_list":["post-21073","post","type-post","status-publish","format-standard","hentry","category-servidor","tag-compensacao","tag-covid-19","tag-dependentes","tag-familiares","tag-imposto-de-renda","tag-indenizacao","tag-invalidez","tag-lei-14-128-2021","tag-morte","tag-profissionais","tag-saude","tag-trabalhadores","tag-tributos","tag-vitimas"],"_links":{"self":[{"href":"https:\/\/blogs.correiobraziliense.com.br\/servidor\/wp-json\/wp\/v2\/posts\/21073","targetHints":{"allow":["GET"]}}],"collection":[{"href":"https:\/\/blogs.correiobraziliense.com.br\/servidor\/wp-json\/wp\/v2\/posts"}],"about":[{"href":"https:\/\/blogs.correiobraziliense.com.br\/servidor\/wp-json\/wp\/v2\/types\/post"}],"author":[{"embeddable":true,"href":"https:\/\/blogs.correiobraziliense.com.br\/servidor\/wp-json\/wp\/v2\/users\/27"}],"replies":[{"embeddable":true,"href":"https:\/\/blogs.correiobraziliense.com.br\/servidor\/wp-json\/wp\/v2\/comments?post=21073"}],"version-history":[{"count":1,"href":"https:\/\/blogs.correiobraziliense.com.br\/servidor\/wp-json\/wp\/v2\/posts\/21073\/revisions"}],"predecessor-version":[{"id":21074,"href":"https:\/\/blogs.correiobraziliense.com.br\/servidor\/wp-json\/wp\/v2\/posts\/21073\/revisions\/21074"}],"wp:attachment":[{"href":"https:\/\/blogs.correiobraziliense.com.br\/servidor\/wp-json\/wp\/v2\/media?parent=21073"}],"wp:term":[{"taxonomy":"category","embeddable":true,"href":"https:\/\/blogs.correiobraziliense.com.br\/servidor\/wp-json\/wp\/v2\/categories?post=21073"},{"taxonomy":"post_tag","embeddable":true,"href":"https:\/\/blogs.correiobraziliense.com.br\/servidor\/wp-json\/wp\/v2\/tags?post=21073"}],"curies":[{"name":"wp","href":"https:\/\/api.w.org\/{rel}","templated":true}]}}