{"id":21064,"date":"2021-11-05T17:06:58","date_gmt":"2021-11-05T20:06:58","guid":{"rendered":"https:\/\/blogs.correiobraziliense.com.br\/servidor\/?p=21064"},"modified":"2021-11-05T17:06:58","modified_gmt":"2021-11-05T20:06:58","slug":"ministerio-da-economia-centraliza-a-contratacao-de-brigada-de-incendio-para-orgaos-e-entidades-no-distrito-federal","status":"publish","type":"post","link":"https:\/\/blogs.correiobraziliense.com.br\/servidor\/ministerio-da-economia-centraliza-a-contratacao-de-brigada-de-incendio-para-orgaos-e-entidades-no-distrito-federal\/","title":{"rendered":"Minist\u00e9rio da Economia centraliza a contrata\u00e7\u00e3o de Brigada de Inc\u00eandio para \u00f3rg\u00e3os e entidades no Distrito Federal"},"content":{"rendered":"<p><em><strong>Al\u00e9m dos servi\u00e7os de preven\u00e7\u00e3o, tamb\u00e9m est\u00e1 previsto o abastecimento de materiais e equipamentos. A\u00a0licita\u00e7\u00e3o centralizada prev\u00ea redu\u00e7\u00e3o de 10% nas despesas, podendo chegar a R$ 36 milh\u00f5es em cinco anos de execu\u00e7\u00e3o contratual.\u00a0\u00f3rg\u00e3os e entidades podem lan\u00e7ar suas demandas at\u00e9 19 de novembro, pelo <a href=\"https:\/\/www.gov.br\/compras\/pt-br\">compras.gov.br<\/a><\/strong><\/em><\/p>\n<p><img loading=\"lazy\" decoding=\"async\" class=\"alignright size-full wp-image-21065\" src=\"https:\/\/blogs.correiobraziliense.com.br\/servidor\/wp-content\/uploads\/sites\/10\/2021\/11\/BOMBEIROS-DF.jpg\" alt=\"\" width=\"512\" height=\"341\" srcset=\"https:\/\/blogs.correiobraziliense.com.br\/servidor\/wp-content\/uploads\/sites\/10\/2021\/11\/BOMBEIROS-DF.jpg 512w, https:\/\/blogs.correiobraziliense.com.br\/servidor\/wp-content\/uploads\/sites\/10\/2021\/11\/BOMBEIROS-DF-300x200.jpg 300w, https:\/\/blogs.correiobraziliense.com.br\/servidor\/wp-content\/uploads\/sites\/10\/2021\/11\/BOMBEIROS-DF-230x153.jpg 230w\" sizes=\"auto, (max-width: 512px) 100vw, 512px\" \/><\/p>\n<p>Minist\u00e9rio da Economia (ME) publicou, hoje (5\/11), a Inten\u00e7\u00e3o de Registro de Pre\u00e7os (IRP) n\u00ba 39\/2021, para contrata\u00e7\u00e3o de servi\u00e7os de Brigada de Inc\u00eandio (bombeiro civil) para \u00f3rg\u00e3os e entidades do Distrito Federal. As empresas contratadas atuar\u00e3o na preven\u00e7\u00e3o contra inc\u00eandio e p\u00e2nico, abandono de edifica\u00e7\u00e3o, desenvolvimento e manuten\u00e7\u00e3o de boas pr\u00e1ticas e m\u00e9todos preventivos para a seguran\u00e7a do trabalho. Tamb\u00e9m ser\u00e3o fornecidos materiais e equipamentos.<\/p>\n<p>\u201cNeste momento, queremos saber quais \u00f3rg\u00e3os desejam participar deste processo, que pode gerar uma economia expressiva se tivermos uma grande quantidade de participantes\u201d, explica o secret\u00e1rio de Gest\u00e3o da Secretaria Especial de Desburocratiza\u00e7\u00e3o, Gest\u00e3o e Governo Digital do ME, Cristiano Heckert.<\/p>\n<p>\u201cA partir dos Planos de Contrata\u00e7\u00f5es Anuais (PCA) elaborados pelos \u00f3rg\u00e3os, verificamos que a despesa anual desses servi\u00e7os custa cerca de R$ 73 milh\u00f5es para o governo federal. Com a licita\u00e7\u00e3o centralizada, esperamos uma redu\u00e7\u00e3o de 10% desse valor, podendo chegar a R$ 36 milh\u00f5es em cinco anos de execu\u00e7\u00e3o contratual\u201d, completa Heckert. Essa economia se d\u00e1 pela compara\u00e7\u00e3o entre o valor estimado e o resultado esperado para a licita\u00e7\u00e3o em fun\u00e7\u00e3o do ganho de escala.<\/p>\n<p>De acordo com o Termo de Refer\u00eancia (TR), a empresa a ser contratada ser\u00e1 respons\u00e1vel pela execu\u00e7\u00e3o dos servi\u00e7os, com aloca\u00e7\u00e3o de profissionais para os cargos de mestre de brigada, l\u00edder de brigada e bombeiro civil, materiais e equipamentos obrigat\u00f3rios, al\u00e9m de equipamentos de ronda eletr\u00f4nica. A vig\u00eancia contratual inicial ser\u00e1 de 30 meses.<\/p>\n<p>Os \u00f3rg\u00e3os e entidades podem lan\u00e7ar suas demandas at\u00e9 19 de novembro de 2021. Para isso, \u00e9 necess\u00e1rio acessar o Compras.gov.br e seguir o estabelecido nas orienta\u00e7\u00f5es definidas nos documentos da IRP. Esclarecimentos ou d\u00favidas devem ser enviadas para o e-mail <a href=\"mailto:central.estrategia@economia.gov.br\">central.estrategia@economia.gov.br<\/a>.<\/p>\n<p><em>Foto: Correioweb<\/em><\/p>\n","protected":false},"excerpt":{"rendered":"<p>Al\u00e9m dos servi\u00e7os de preven\u00e7\u00e3o, tamb\u00e9m est\u00e1 previsto o abastecimento de materiais e equipamentos. A\u00a0licita\u00e7\u00e3o centralizada prev\u00ea redu\u00e7\u00e3o de 10% nas despesas, podendo chegar a R$ 36 milh\u00f5es em cinco anos de execu\u00e7\u00e3o contratual.\u00a0\u00f3rg\u00e3os e entidades podem lan\u00e7ar suas demandas at\u00e9 19 de novembro, pelo compras.gov.br Minist\u00e9rio da Economia (ME) publicou, hoje (5\/11), a Inten\u00e7\u00e3o de Registro de Pre\u00e7os (IRP) [&hellip;]<\/p>\n","protected":false},"author":27,"featured_media":0,"comment_status":"open","ping_status":"closed","sticky":false,"template":"","format":"standard","meta":{"footnotes":""},"categories":[2719],"tags":[19477,172,235,68,73,5092,3704,482,14327,1890],"class_list":["post-21064","post","type-post","status-publish","format-standard","hentry","category-servidor","tag-brigada-de-incendio","tag-contratacao","tag-despesas","tag-df","tag-entidades","tag-equipamentos","tag-licitacao","tag-materiais","tag-ministerio-da-economia","tag-orgaos"],"_links":{"self":[{"href":"https:\/\/blogs.correiobraziliense.com.br\/servidor\/wp-json\/wp\/v2\/posts\/21064","targetHints":{"allow":["GET"]}}],"collection":[{"href":"https:\/\/blogs.correiobraziliense.com.br\/servidor\/wp-json\/wp\/v2\/posts"}],"about":[{"href":"https:\/\/blogs.correiobraziliense.com.br\/servidor\/wp-json\/wp\/v2\/types\/post"}],"author":[{"embeddable":true,"href":"https:\/\/blogs.correiobraziliense.com.br\/servidor\/wp-json\/wp\/v2\/users\/27"}],"replies":[{"embeddable":true,"href":"https:\/\/blogs.correiobraziliense.com.br\/servidor\/wp-json\/wp\/v2\/comments?post=21064"}],"version-history":[{"count":1,"href":"https:\/\/blogs.correiobraziliense.com.br\/servidor\/wp-json\/wp\/v2\/posts\/21064\/revisions"}],"predecessor-version":[{"id":21066,"href":"https:\/\/blogs.correiobraziliense.com.br\/servidor\/wp-json\/wp\/v2\/posts\/21064\/revisions\/21066"}],"wp:attachment":[{"href":"https:\/\/blogs.correiobraziliense.com.br\/servidor\/wp-json\/wp\/v2\/media?parent=21064"}],"wp:term":[{"taxonomy":"category","embeddable":true,"href":"https:\/\/blogs.correiobraziliense.com.br\/servidor\/wp-json\/wp\/v2\/categories?post=21064"},{"taxonomy":"post_tag","embeddable":true,"href":"https:\/\/blogs.correiobraziliense.com.br\/servidor\/wp-json\/wp\/v2\/tags?post=21064"}],"curies":[{"name":"wp","href":"https:\/\/api.w.org\/{rel}","templated":true}]}}