{"id":21060,"date":"2021-11-04T16:32:31","date_gmt":"2021-11-04T19:32:31","guid":{"rendered":"https:\/\/blogs.correiobraziliense.com.br\/servidor\/?p=21060"},"modified":"2021-11-04T16:32:31","modified_gmt":"2021-11-04T19:32:31","slug":"ministerio-da-economia-lanca-consulta-publica-sobre-qualidade-dos-servicos-publicos-digitais","status":"publish","type":"post","link":"https:\/\/blogs.correiobraziliense.com.br\/servidor\/ministerio-da-economia-lanca-consulta-publica-sobre-qualidade-dos-servicos-publicos-digitais\/","title":{"rendered":"Minist\u00e9rio da Economia lan\u00e7a consulta p\u00fablica sobre qualidade dos servi\u00e7os p\u00fablicos digitais"},"content":{"rendered":"<p><strong><em>Portaria vai regulamentar a avalia\u00e7\u00e3o de satisfa\u00e7\u00e3o dos usu\u00e1rios e o padr\u00e3o de qualidade de servi\u00e7os; sugest\u00f5es podem ser enviados at\u00e9 12 de novembro. De acordo com o documento, o governo deve fazer um<\/em> autodiagn\u00f3stico pelo menos uma vez por ano<\/strong><\/p>\n<p><img loading=\"lazy\" decoding=\"async\" class=\"alignright size-full wp-image-20223\" src=\"https:\/\/blogs.correiobraziliense.com.br\/servidor\/wp-content\/uploads\/sites\/10\/2021\/07\/AVALIA\u00c7\u00c3O-DE-DESEMPENHO.jpg\" alt=\"\" width=\"550\" height=\"393\" srcset=\"https:\/\/blogs.correiobraziliense.com.br\/servidor\/wp-content\/uploads\/sites\/10\/2021\/07\/AVALIA\u00c7\u00c3O-DE-DESEMPENHO.jpg 550w, https:\/\/blogs.correiobraziliense.com.br\/servidor\/wp-content\/uploads\/sites\/10\/2021\/07\/AVALIA\u00c7\u00c3O-DE-DESEMPENHO-300x214.jpg 300w, https:\/\/blogs.correiobraziliense.com.br\/servidor\/wp-content\/uploads\/sites\/10\/2021\/07\/AVALIA\u00c7\u00c3O-DE-DESEMPENHO-230x164.jpg 230w\" sizes=\"auto, (max-width: 550px) 100vw, 550px\" \/><\/p>\n<p>A Secretaria Especial de Desburocratiza\u00e7\u00e3o, Gest\u00e3o e Governo Digital do Minist\u00e9rio da Economia abriu consulta p\u00fablica sobre a portaria que vai dispor sobre a qualidade dos servi\u00e7os p\u00fablicos digitais nos \u00f3rg\u00e3os e entidades da administra\u00e7\u00e3o direta, aut\u00e1rquica e fundacional do poder Executivo. As sugest\u00f5es ao texto podem ser feitas por meio da <a href=\"https:\/\/www.gov.br\/participamaisbrasil\/portaria-de-qualidade\">Plataforma + Brasil<\/a>, at\u00e9 12 de novembro.<\/p>\n<p>&#8220;A norma busca regulamentar o tema previsto na Lei n\u00ba 13.460\/2017, no Decreto n\u00ba 9094\/2017 e na Estrat\u00e9gia de Governo Digital 2020-2022 (Decreto n\u00ba 10332\/2020). Para isso, estabelece duas frentes para aferi\u00e7\u00e3o de qualidade dos servi\u00e7os: satisfa\u00e7\u00e3o dos usu\u00e1rios em rela\u00e7\u00e3o aos servi\u00e7os acessados e defini\u00e7\u00e3o de crit\u00e9rios e padr\u00f5es de qualidade para servi\u00e7os p\u00fablicos digitais \u2013 medidos a partir de autoavalia\u00e7\u00e3o&#8221;, informa o minist\u00e9rio.<\/p>\n<p>O objetivo da avalia\u00e7\u00e3o dos servi\u00e7os \u00e9 garantir a participa\u00e7\u00e3o dos cidad\u00e3os e dar transpar\u00eancia \u00e0s opini\u00f5es dos usu\u00e1rios, al\u00e9m de passar informa\u00e7\u00f5es ao governo para subsidiar a melhoria dos servi\u00e7os p\u00fablicos ofertados \u00e0 popula\u00e7\u00e3o. As experi\u00eancias dos usu\u00e1rios com os servi\u00e7os ser\u00e3o medidas em uma escala de 1 a 5, levando em considera\u00e7\u00e3o crit\u00e9rios como prazo de atendimento e clareza das informa\u00e7\u00f5es. As notas m\u00e9dias de satisfa\u00e7\u00e3o obtidas dos \u00f3rg\u00e3os ser\u00e3o publicadas na forma de ranking na plataforma GOV.BR.<\/p>\n<p>J\u00e1 a defini\u00e7\u00e3o de padr\u00f5es de qualidade busca oferecer aos \u00f3rg\u00e3os par\u00e2metros para que seus canais de atendimento sejam simples e intuitivos. As refer\u00eancias abrangem duas dimens\u00f5es. A primeira diz respeito \u00e0 conformidade dos servi\u00e7os digitais \u00e0s diretrizes de transforma\u00e7\u00e3o digital do governo federal, como, por exemplo, utiliza\u00e7\u00e3o do login \u00fanico do GOV.BR e dos padr\u00f5es de design system \u2013 ou seja, conjunto de padr\u00f5es interconectados e pr\u00e1ticas compartilhadas organizadas de forma coerente; a segunda abrange aspectos da jornada percorrida pelo cidad\u00e3o para acessar o servi\u00e7o, desde a busca por informa\u00e7\u00f5es, at\u00e9 o recebimento da resposta final.<\/p>\n<p>&#8220;O modelo de avalia\u00e7\u00e3o de qualidade dos servi\u00e7os p\u00fablicos coloca o cidad\u00e3o no centro da pol\u00edtica de Governo Digital. A sua avalia\u00e7\u00e3o da experi\u00eancia com os servi\u00e7os ser\u00e1 o principal fator para avaliar a qualidade da presta\u00e7\u00e3o dos mesmos pelos \u00f3rg\u00e3os e ensejar\u00e1 planos de a\u00e7\u00e3o de melhoria\u201d, destaca o secret\u00e1rio de Governo Digital, Fernando Coelho Mitkiewicz.<\/p>\n<p><strong>Contribui\u00e7\u00f5es<\/strong><\/p>\n<p>Durante reuni\u00e3o com representantes dos \u00f3rg\u00e3os do Sistema de Administra\u00e7\u00e3o dos Recursos de Tecnologia da Informa\u00e7\u00e3o (Sisp), na quarta-feira (3\/11), a secret\u00e1ria-adjunta de Governo Digital, Luanna Roncaratti, salientou que a contribui\u00e7\u00e3o dos integrantes do Sistema \u00e9 fundamental para o refinamento e aprimoramento da portaria.<\/p>\n<p>\u201cEntendemos que \u00e9 muito importante colocar essa portaria na rua ainda neste ano de 2021, mas precisamos ouvir antes as unidades gestoras e refletir sobre o melhor desenho do normativo. Por isso, convidamos os \u00f3rg\u00e3os e tamb\u00e9m os cidad\u00e3os a participar da consulta para construirmos juntos as diretrizes de qualidade dos servi\u00e7os p\u00fablicos digitais do pa\u00eds\u201d, ressaltou a secret\u00e1ria-adjunta.<\/p>\n<p><strong>Diagn\u00f3stico e melhoria<\/strong><\/p>\n<p>No Artigo 21\u00b0 da portaria define que o autodiagn\u00f3stico deve ser feito pelo menos uma vez por ano.<\/p>\n<p>&#8220;Art. 20\u00ba A Secretaria de Governo Digital disponibilizar\u00e1 question\u00e1rio para realiza\u00e7\u00e3o de autodiagn\u00f3stico pelas unidades gestoras quanto aos padr\u00f5es de qualidade de seus servi\u00e7os digitais, no endere\u00e7o gov.br\/governodigital.<\/p>\n<p>Art. 21\u00ba \u00c9 recomendado que a unidade gestora realize o autodiagnostico ao menos uma vez ao ano para os seguintes servi\u00e7os:<br \/>\nI &#8211; Servi\u00e7os inclu\u00eddos na lista de &#8220;sistemas cr\u00edticos&#8221; definida pelo \u00f3rg\u00e3o ou entidade, conforme previsto no ac\u00f3rd\u00e3o 2077\/2019 do Tribunal de Contas da Uni\u00e3o.<br \/>\nII &#8211; Servi\u00e7os que obtiverem a nota m\u00e9dia da avalia\u00e7\u00e3o de satisfa\u00e7\u00e3o dos usu\u00e1rios iguais ou inferior a 4, por mais de tr\u00eas meses consecutivos.<br \/>\nIII &#8211; Servi\u00e7os com volume de acesso igual ou superior a 5.500 visualiza\u00e7\u00f5es de p\u00e1gina por m\u00eas na plataforma gov.br;<br \/>\nIV &#8211; Servi\u00e7os com volume de acesso igual ou superior a 3.000 visualiza\u00e7\u00f5es de usu\u00e1rios \u00fanicos por m\u00eas na plataforma gov.br.&#8221;<\/p>\n","protected":false},"excerpt":{"rendered":"<p>Portaria vai regulamentar a avalia\u00e7\u00e3o de satisfa\u00e7\u00e3o dos usu\u00e1rios e o padr\u00e3o de qualidade de servi\u00e7os; sugest\u00f5es podem ser enviados at\u00e9 12 de novembro. De acordo com o documento, o governo deve fazer um autodiagn\u00f3stico pelo menos uma vez por ano A Secretaria Especial de Desburocratiza\u00e7\u00e3o, Gest\u00e3o e Governo Digital do Minist\u00e9rio da Economia abriu consulta p\u00fablica sobre a portaria [&hellip;]<\/p>\n","protected":false},"author":27,"featured_media":0,"comment_status":"open","ping_status":"closed","sticky":false,"template":"","format":"standard","meta":{"footnotes":""},"categories":[2719],"tags":[551,19476,1213,12698,87,14327,1968,6163,3864,545,787,5168,14379,2664,168,864],"class_list":["post-21060","post","type-post","status-publish","format-standard","hentry","category-servidor","tag-atendimento","tag-autodiagnostico","tag-cidadaos","tag-consulta-publica","tag-digital","tag-ministerio-da-economia","tag-notas","tag-padroes","tag-plataforma","tag-populacao","tag-qualidade","tag-satisfacao","tag-servicos-publicos","tag-sugestoes","tag-transparencia","tag-usuarios"],"_links":{"self":[{"href":"https:\/\/blogs.correiobraziliense.com.br\/servidor\/wp-json\/wp\/v2\/posts\/21060","targetHints":{"allow":["GET"]}}],"collection":[{"href":"https:\/\/blogs.correiobraziliense.com.br\/servidor\/wp-json\/wp\/v2\/posts"}],"about":[{"href":"https:\/\/blogs.correiobraziliense.com.br\/servidor\/wp-json\/wp\/v2\/types\/post"}],"author":[{"embeddable":true,"href":"https:\/\/blogs.correiobraziliense.com.br\/servidor\/wp-json\/wp\/v2\/users\/27"}],"replies":[{"embeddable":true,"href":"https:\/\/blogs.correiobraziliense.com.br\/servidor\/wp-json\/wp\/v2\/comments?post=21060"}],"version-history":[{"count":1,"href":"https:\/\/blogs.correiobraziliense.com.br\/servidor\/wp-json\/wp\/v2\/posts\/21060\/revisions"}],"predecessor-version":[{"id":21061,"href":"https:\/\/blogs.correiobraziliense.com.br\/servidor\/wp-json\/wp\/v2\/posts\/21060\/revisions\/21061"}],"wp:attachment":[{"href":"https:\/\/blogs.correiobraziliense.com.br\/servidor\/wp-json\/wp\/v2\/media?parent=21060"}],"wp:term":[{"taxonomy":"category","embeddable":true,"href":"https:\/\/blogs.correiobraziliense.com.br\/servidor\/wp-json\/wp\/v2\/categories?post=21060"},{"taxonomy":"post_tag","embeddable":true,"href":"https:\/\/blogs.correiobraziliense.com.br\/servidor\/wp-json\/wp\/v2\/tags?post=21060"}],"curies":[{"name":"wp","href":"https:\/\/api.w.org\/{rel}","templated":true}]}}