{"id":2106,"date":"2016-06-29T17:30:46","date_gmt":"2016-06-29T20:30:46","guid":{"rendered":"https:\/\/blogs.correiobraziliense.com.br\/servidor\/?p=2106"},"modified":"2016-06-29T17:30:46","modified_gmt":"2016-06-29T20:30:46","slug":"codefat-define-calendario-de-pagamento-do-abono-salarial-20162017","status":"publish","type":"post","link":"https:\/\/blogs.correiobraziliense.com.br\/servidor\/codefat-define-calendario-de-pagamento-do-abono-salarial-20162017\/","title":{"rendered":"PIS\/Pasep &#8211; Codefat define calend\u00e1rio de pagamento do abono salarial 2016\/2017"},"content":{"rendered":"<p><span style=\"font-size: medium\"><i>Benef\u00edcio referente ao ano-base 2015 deve ser pago dentro das novas regras a 22,3 milh\u00f5es de trabalhadores.\u00a0<span style=\"font-size: medium\">Quem nasceu de julho a dezembro, recebe o benef\u00edcio neste ano (2016) e os nascidos entre janeiro a junho, no primeiro trimestre de 2017<\/span> <\/i><\/span><\/p>\n<div><span style=\"font-size: medium\">O calend\u00e1rio de pagamento do abono salarial, ano-base 2015, foi definido nesta quarta-feira (29) durante a reuni\u00e3o do Conselho Deliberativo do Fundo de Amparo ao Trabalhador (Codefat), na sede do Minist\u00e9rio do Trabalho, em Bras\u00edlia (DF). A estimativa \u00e9 que 22,3 milh\u00f5es de trabalhadores tenham direito ao benef\u00edcio, que come\u00e7a a ser pago a partir de 28 de julho, seguindo as novas regras definidas pela Medida Provis\u00f3ria 665.<\/p>\n<p>A estimativa \u00e9 que ser\u00e3o destinados R$ 14,8 bilh\u00f5es para pagamento do abono salarial no calend\u00e1rio 2016\/2017. Quem nasceu de julho a dezembro, recebe o benef\u00edcio neste ano (2016) e os nascidos entre janeiro a junho, no primeiro trimestre de 2017 (tabela abaixo). Em qualquer situa\u00e7\u00e3o, o recurso ficar\u00e1 \u00e0 disposi\u00e7\u00e3o do trabalhador at\u00e9 30 de junho de 2017, prazo final para o recebimento.<\/p>\n<p><b>Novas regras<\/b> &#8211; Neste exerc\u00edcio, entram em vigor as novas regras do abono salarial. Aprovadas pelo Congresso Nacional (Medida Provis\u00f3ria 665), elas associam o valor do benef\u00edcio ao n\u00famero de meses trabalhados no exerc\u00edcio anterior. Nesta situa\u00e7\u00e3o, quem trabalhou um m\u00eas no ano-base 2015 receber\u00e1 1\/12 do sal\u00e1rio m\u00ednimo, e n\u00e3o 100% como determina a regra vigente at\u00e9 junho de 2016.<\/p>\n<p><b>Quem recebe<\/b> &#8211; Tem direito ao abono salarial quem recebeu, em m\u00e9dia, at\u00e9 dois sal\u00e1rios m\u00ednimos mensais, com carteira assinada, e exerceu atividade remunerada durante pelo menos 30 dias em 2015. Para sacar o benef\u00edcio, o trabalhador deve estar cadastrado no Programa de Integra\u00e7\u00e3o Social (PIS), ou no Programa de Forma\u00e7\u00e3o do Patrim\u00f4nio do Servidor P\u00fablico (Pasep), h\u00e1 pelo menos cinco anos. O empregador precisa ter relacionado o empregado na Rela\u00e7\u00e3o Anual de Informa\u00e7\u00f5es Sociais (RAIS), entregue ao Minist\u00e9rio do Trabalho.<\/p>\n<p>O PIS e o Pasep s\u00e3o contribui\u00e7\u00f5es sociais feitas pelas empresas para financiar os benef\u00edcios do Seguro-Desemprego e do Abono Salarial. O PIS \u00e9 destinado a funcion\u00e1rios de empresas privadas, regidos pela Consolida\u00e7\u00e3o das Leis do Trabalho (CLT), e o Pasep, aos servidores p\u00fablicos.<\/p>\n<p><b>Balan\u00e7o <\/b>\u2013 No exerc\u00edcio 2015\/2016, cujo calend\u00e1rio de pagamento ser\u00e1 encerrado nesta quinta-feira (30 de junho), mais de 22 milh\u00f5es de trabalhadores sacaram o Abono Salarial, movimentando um montante superior a R$18 bilh\u00f5es. A taxa de cobertura \u00e9 de 94%.<\/p>\n<p><b>CRONOGRAMA DE PAGAMENTO DO ABONO SALARIAL | EXERC\u00cdCIO 2016\/2017<br \/>\nPROGRAMA DE INTEGRA\u00c7\u00c3O SOCIAL \u2013 PIS<\/p>\n<p><\/b>NAS AG\u00caNCIAS DA CAIXA ECON\u00d4MICA FEDERAL<br \/>\n<img decoding=\"async\" src=\"18469B37D2CCF14C954576BF16C3DDB6@mte.gov.br\" alt=\"\" \/><br \/>\n<span style=\"font-size: small\"><span style=\"font-size: 11pt\"><\/p>\n<p><\/span><\/span>CR\u00c9DITO EM CONTA PARA CORRENTISTAS DA CAIXA<br \/>\n<img decoding=\"async\" src=\"94CAE76C28C0E643843212F5988AC442@mte.gov.br\" alt=\"\" \/><span style=\"font-size: small\"><span style=\"font-size: 11pt\"><\/p>\n<p><\/span><\/span><b>CRONOGRAMA DE PAGAMENTO DO ABONO SALARIAL | EXERC\u00cdCIO 2016\/2017 <\/b><\/span><\/div>\n<div><span style=\"font-size: medium\"><b>PROGRAMA DE FORMA\u00c7\u00c3O DO PATRIM\u00d4NIO DO SERVIDOR P\u00daBLICO &#8211; PASEP<br \/>\n<\/b>NAS AG\u00caNCIAS DO BANCO DO BRASIL S.A.<br \/>\n<img decoding=\"async\" src=\"97BBA56EEA15454385105E948479E25D@mte.gov.br\" alt=\"\" \/> <\/span><\/div>\n<div><span style=\"font-size: medium\"><span style=\"font-size: 12pt\">\u00a0<\/span><\/span><\/div>\n","protected":false},"excerpt":{"rendered":"<p>Benef\u00edcio referente ao ano-base 2015 deve ser pago dentro das novas regras a 22,3 milh\u00f5es de trabalhadores.\u00a0Quem nasceu de julho a dezembro, recebe o benef\u00edcio neste ano (2016) e os nascidos entre janeiro a junho, no primeiro trimestre de 2017 O calend\u00e1rio de pagamento do abono salarial, ano-base 2015, foi definido nesta quarta-feira (29) durante a reuni\u00e3o do Conselho Deliberativo [&hellip;]<\/p>\n","protected":false},"author":27,"featured_media":0,"comment_status":"open","ping_status":"closed","sticky":false,"template":"","format":"standard","meta":{"footnotes":""},"categories":[1],"tags":[2587,389,1828,2586,978,151,2190,18],"class_list":["post-2106","post","type-post","status-publish","format-standard","hentry","category-sem-categoria","tag-2587","tag-abono","tag-calendario","tag-codefat","tag-define","tag-pagamento","tag-pispasep","tag-salarial"],"_links":{"self":[{"href":"https:\/\/blogs.correiobraziliense.com.br\/servidor\/wp-json\/wp\/v2\/posts\/2106","targetHints":{"allow":["GET"]}}],"collection":[{"href":"https:\/\/blogs.correiobraziliense.com.br\/servidor\/wp-json\/wp\/v2\/posts"}],"about":[{"href":"https:\/\/blogs.correiobraziliense.com.br\/servidor\/wp-json\/wp\/v2\/types\/post"}],"author":[{"embeddable":true,"href":"https:\/\/blogs.correiobraziliense.com.br\/servidor\/wp-json\/wp\/v2\/users\/27"}],"replies":[{"embeddable":true,"href":"https:\/\/blogs.correiobraziliense.com.br\/servidor\/wp-json\/wp\/v2\/comments?post=2106"}],"version-history":[{"count":1,"href":"https:\/\/blogs.correiobraziliense.com.br\/servidor\/wp-json\/wp\/v2\/posts\/2106\/revisions"}],"predecessor-version":[{"id":2107,"href":"https:\/\/blogs.correiobraziliense.com.br\/servidor\/wp-json\/wp\/v2\/posts\/2106\/revisions\/2107"}],"wp:attachment":[{"href":"https:\/\/blogs.correiobraziliense.com.br\/servidor\/wp-json\/wp\/v2\/media?parent=2106"}],"wp:term":[{"taxonomy":"category","embeddable":true,"href":"https:\/\/blogs.correiobraziliense.com.br\/servidor\/wp-json\/wp\/v2\/categories?post=2106"},{"taxonomy":"post_tag","embeddable":true,"href":"https:\/\/blogs.correiobraziliense.com.br\/servidor\/wp-json\/wp\/v2\/tags?post=2106"}],"curies":[{"name":"wp","href":"https:\/\/api.w.org\/{rel}","templated":true}]}}