{"id":21032,"date":"2021-10-28T16:05:20","date_gmt":"2021-10-28T19:05:20","guid":{"rendered":"https:\/\/blogs.correiobraziliense.com.br\/servidor\/?p=21032"},"modified":"2021-10-28T16:07:06","modified_gmt":"2021-10-28T19:07:06","slug":"governo-conversa-com-caminhoneiros","status":"publish","type":"post","link":"https:\/\/blogs.correiobraziliense.com.br\/servidor\/governo-conversa-com-caminhoneiros\/","title":{"rendered":"Governo conversa com caminhoneiros"},"content":{"rendered":"<p><em><strong>Uma reuni\u00e3o est\u00e1 acontecendo nesse momento no Minist\u00e9rio da Infraestrutura. Mas, segundo fontes da pr\u00f3pria categoria&#8221;, est\u00e1 esvaziada. &#8220;Ningu\u00e9m quis ir, pelo que eu sei&#8221;, afirmou um caminhoneiro<\/strong><\/em><\/p>\n<figure id=\"attachment_14620\" aria-describedby=\"caption-attachment-14620\" style=\"width: 800px\" class=\"wp-caption alignright\"><img loading=\"lazy\" decoding=\"async\" class=\"size-full wp-image-14620\" src=\"https:\/\/blogs.correiobraziliense.com.br\/servidor\/wp-content\/uploads\/sites\/10\/2019\/12\/caminhneiros.jpg\" alt=\"caminhoneiros\" width=\"800\" height=\"533\" srcset=\"https:\/\/blogs.correiobraziliense.com.br\/servidor\/wp-content\/uploads\/sites\/10\/2019\/12\/caminhneiros.jpg 800w, https:\/\/blogs.correiobraziliense.com.br\/servidor\/wp-content\/uploads\/sites\/10\/2019\/12\/caminhneiros-300x200.jpg 300w, https:\/\/blogs.correiobraziliense.com.br\/servidor\/wp-content\/uploads\/sites\/10\/2019\/12\/caminhneiros-768x512.jpg 768w, https:\/\/blogs.correiobraziliense.com.br\/servidor\/wp-content\/uploads\/sites\/10\/2019\/12\/caminhneiros-350x233.jpg 350w, https:\/\/blogs.correiobraziliense.com.br\/servidor\/wp-content\/uploads\/sites\/10\/2019\/12\/caminhneiros-550x366.jpg 550w, https:\/\/blogs.correiobraziliense.com.br\/servidor\/wp-content\/uploads\/sites\/10\/2019\/12\/caminhneiros-230x153.jpg 230w\" sizes=\"auto, (max-width: 800px) 100vw, 800px\" \/><figcaption id=\"caption-attachment-14620\" class=\"wp-caption-text\">Paralisa\u00e7\u00e3o de caminhoneiros em maio de 2018. Cr\u00e9dito: Fernando Fraz\u00e3o\/Agencia Brasil.<\/figcaption><\/figure>\n<p>A greve, que vem sendo articulada h\u00e1 algum tempo, \u00e9 em protesto aos constantes reajustes de pre\u00e7os da gasolina, do \u00f3leo diesel e tamb\u00e9m do g\u00e1s de cozinha, que vem aumentando de forma acelerada em consequ\u00eancia a pol\u00edtica de corre\u00e7\u00e3o da Petrobras, que segue os padr\u00f5es internacionais.<\/p>\n<p>O presidente Jair Bolsonaro tentou evitar a greve com a promessa de beneficiar pelo menos 750 mil caminhoneiros com o aux\u00edlio diesel no valor de R$ 400. Mas o valor virou chacota entre os caminhoneiros. Muitos dizem que n\u00e3o quelrem &#8220;esmola, querem dignidade&#8221;.<\/p>\n<p>Apesar dos esfor\u00e7os do presidente da Rep\u00fablica, um v\u00eddeo que vazou, do ministro da Infraestrutura, Tarc\u00edsio de Freitas, com empres\u00e1rios, entornou o caldo e gerou revolta, Para os embarcadores, Freitas deixou claro que n\u00e3o tinha a inten\u00e7\u00e3o de &#8220;reduzir o valor do frete&#8221;.<\/p>\n<p>Os apoios \u00e0 greve j\u00e1 come\u00e7am a acontecer. Empresas e centrais sindicais j\u00e1 anunciaram que concordam com as reivindica\u00e7\u00f5es. &#8220;Centrais sindicais apoiam a pauta e a greve dos caminhoneiros&#8221;, diz a nota. &#8220;Os caminhoneiros, atrav\u00e9s das suas organiza\u00e7\u00f5es, t\u00eam atuado para viabilizar as demandas e propostas h\u00e1 muito apresentadas e que n\u00e3o t\u00eam obtido retorno por parte do governo federal&#8221;, refor\u00e7am.<\/p>\n<p>O Minist\u00e9rio da Infraestrutura ainda n\u00e3o deu retorno.<\/p>\n","protected":false},"excerpt":{"rendered":"<p>Uma reuni\u00e3o est\u00e1 acontecendo nesse momento no Minist\u00e9rio da Infraestrutura. Mas, segundo fontes da pr\u00f3pria categoria&#8221;, est\u00e1 esvaziada. &#8220;Ningu\u00e9m quis ir, pelo que eu sei&#8221;, afirmou um caminhoneiro A greve, que vem sendo articulada h\u00e1 algum tempo, \u00e9 em protesto aos constantes reajustes de pre\u00e7os da gasolina, do \u00f3leo diesel e tamb\u00e9m do g\u00e1s de cozinha, que vem aumentando de [&hellip;]<\/p>\n","protected":false},"author":27,"featured_media":0,"comment_status":"open","ping_status":"closed","sticky":false,"template":"","format":"standard","meta":{"footnotes":""},"categories":[2719],"tags":[6331,98,15,14942,506,293],"class_list":["post-21032","post","type-post","status-publish","format-standard","hentry","category-servidor","tag-caminhoneiros","tag-governo","tag-greve","tag-ministerio-da-infraestrutura","tag-paralisacao","tag-reuniao"],"_links":{"self":[{"href":"https:\/\/blogs.correiobraziliense.com.br\/servidor\/wp-json\/wp\/v2\/posts\/21032","targetHints":{"allow":["GET"]}}],"collection":[{"href":"https:\/\/blogs.correiobraziliense.com.br\/servidor\/wp-json\/wp\/v2\/posts"}],"about":[{"href":"https:\/\/blogs.correiobraziliense.com.br\/servidor\/wp-json\/wp\/v2\/types\/post"}],"author":[{"embeddable":true,"href":"https:\/\/blogs.correiobraziliense.com.br\/servidor\/wp-json\/wp\/v2\/users\/27"}],"replies":[{"embeddable":true,"href":"https:\/\/blogs.correiobraziliense.com.br\/servidor\/wp-json\/wp\/v2\/comments?post=21032"}],"version-history":[{"count":2,"href":"https:\/\/blogs.correiobraziliense.com.br\/servidor\/wp-json\/wp\/v2\/posts\/21032\/revisions"}],"predecessor-version":[{"id":21034,"href":"https:\/\/blogs.correiobraziliense.com.br\/servidor\/wp-json\/wp\/v2\/posts\/21032\/revisions\/21034"}],"wp:attachment":[{"href":"https:\/\/blogs.correiobraziliense.com.br\/servidor\/wp-json\/wp\/v2\/media?parent=21032"}],"wp:term":[{"taxonomy":"category","embeddable":true,"href":"https:\/\/blogs.correiobraziliense.com.br\/servidor\/wp-json\/wp\/v2\/categories?post=21032"},{"taxonomy":"post_tag","embeddable":true,"href":"https:\/\/blogs.correiobraziliense.com.br\/servidor\/wp-json\/wp\/v2\/tags?post=21032"}],"curies":[{"name":"wp","href":"https:\/\/api.w.org\/{rel}","templated":true}]}}