{"id":21025,"date":"2021-10-27T18:59:00","date_gmt":"2021-10-27T21:59:00","guid":{"rendered":"https:\/\/blogs.correiobraziliense.com.br\/servidor\/?p=21025"},"modified":"2021-10-27T18:59:00","modified_gmt":"2021-10-27T21:59:00","slug":"servidor-seu-nome-e-resistencia","status":"publish","type":"post","link":"https:\/\/blogs.correiobraziliense.com.br\/servidor\/servidor-seu-nome-e-resistencia\/","title":{"rendered":"Servidor, seu nome \u00e9 resist\u00eancia!"},"content":{"rendered":"<p><em><strong>&#8220;Parasitas. Privilegiados. Respons\u00e1veis pelo Estado inchado. Essas s\u00e3o algumas das \u201crefer\u00eancias\u201d associadas aos servidores p\u00fablicos nesses tempos de \u00f3dio. Mas a quem interessa corromper a imagem daqueles que s\u00e3o respons\u00e1veis por entregar servi\u00e7os de qualidade \u00e0 sociedade brasileira?&#8221;<\/strong><\/em><\/p>\n<p><em><strong>Sandro Cezar*<\/strong><\/em><\/p>\n<p><img loading=\"lazy\" decoding=\"async\" class=\"size-full wp-image-19948 alignleft\" src=\"https:\/\/blogs.correiobraziliense.com.br\/servidor\/wp-content\/uploads\/sites\/10\/2021\/06\/SANDRO-CEZAR.jpg\" alt=\"\" width=\"400\" height=\"400\" srcset=\"https:\/\/blogs.correiobraziliense.com.br\/servidor\/wp-content\/uploads\/sites\/10\/2021\/06\/SANDRO-CEZAR.jpg 400w, https:\/\/blogs.correiobraziliense.com.br\/servidor\/wp-content\/uploads\/sites\/10\/2021\/06\/SANDRO-CEZAR-150x150.jpg 150w, https:\/\/blogs.correiobraziliense.com.br\/servidor\/wp-content\/uploads\/sites\/10\/2021\/06\/SANDRO-CEZAR-300x300.jpg 300w, https:\/\/blogs.correiobraziliense.com.br\/servidor\/wp-content\/uploads\/sites\/10\/2021\/06\/SANDRO-CEZAR-230x230.jpg 230w\" sizes=\"auto, (max-width: 400px) 100vw, 400px\" \/><\/p>\n<p>Foram os servidores que salvaram vidas em meio a pior pandemia dos \u00faltimos cem anos. Encararam de frente uma doen\u00e7a desconhecida que paralisou o mundo. Foi o trabalho de m\u00e9dicos, enfermeiros, profissionais de apoio em unidades p\u00fablicas de sa\u00fade \u2013 muitas vezes sem os equipamentos de prote\u00e7\u00e3o necess\u00e1rios \u2013 que evitaram que a covid-19 fizesse ainda mais v\u00edtimas num pa\u00eds onde o governo estimulou a dissemina\u00e7\u00e3o do v\u00edrus.<\/p>\n<p>Foram servidores que apontaram irregularidades no contrato da vacina Covaxin, revelando um esquema de superfaturamento no Minist\u00e9rio da Sa\u00fade em meio a uma emerg\u00eancia sanit\u00e1ria. E tamb\u00e9m os que denunciaram a venda ilegal de madeira na Amaz\u00f4nia \u2013 contribuindo para a queda de um ministro do Meio Ambiente que mantinha rela\u00e7\u00f5es esp\u00farias com setores madeireiros, agropecu\u00e1rios e de minera\u00e7\u00e3o. Gra\u00e7as \u00e0 estabilidade conquistada por ingresso por meio de concurso p\u00fablico, esses servidores tiveram independ\u00eancia para denunciar e, assim, combater a corrup\u00e7\u00e3o e defender o interesse da sociedade.<\/p>\n<p>Os servidores, ao estruturarem o Cadastro \u00danico \u2013 o CAD\u00fanico \u2013, viabilizaram a opera\u00e7\u00e3o que permitiu levar o Aux\u00edlio Emergencial a tantos brasileiros que ficaram em situa\u00e7\u00e3o ainda mais vulner\u00e1vel com a pandemia que agravou o desemprego, a pobreza e a crise econ\u00f4mica na qual o pa\u00eds j\u00e1 estava mergulhado.<\/p>\n<p>E quem s\u00e3o esses \u201cprivilegiados\u201d? Mais da metade dos servidores ganhava at\u00e9 tr\u00eas sal\u00e1rios m\u00ednimos em 2018. Apenas 3% recebiam mais do que vinte sal\u00e1rios. Os vencimentos deles representavam 4,8% do PIB brasileiro em 2001, n\u00famero que caiu ligeiramente (4,4%) em 2019. E ser\u00e1 que eles realmente \u201cincham o Estado\u201d? Vamos aos n\u00fameros: dos cerca de 212 milh\u00f5es de brasileiros, apenas 5,1% s\u00e3o funcion\u00e1rios p\u00fablicos, percentual que fica abaixo de pa\u00edses como a Alemanha, a Fran\u00e7a e os Estados Unidos.<\/p>\n<p>E s\u00e3o os \u201cparasitas e privilegiados\u201d que t\u00eam mantido posi\u00e7\u00e3o firme contra a destrui\u00e7\u00e3o do servi\u00e7o p\u00fablico representada pela PEC 32 que pretende terceirizar servi\u00e7os, destruir o concurso p\u00fablico e prejudicar definitivamente a sa\u00fade, educa\u00e7\u00e3o e seguran\u00e7a p\u00fablicas.<\/p>\n<p>Por que ent\u00e3o cham\u00e1-los de parasitas, privilegiados e respons\u00e1veis pelo Estado inchado? Porque os servidores incomodam, e muito, aqueles que querem manter seus privil\u00e9gios, ganhar com negocia\u00e7\u00f5es feitas com dinheiro p\u00fablico e que n\u00e3o t\u00eam nenhum compromisso com os direitos e o bem-estar da popula\u00e7\u00e3o. Mais do que isso, atrav\u00e9s do ataque aos servidores, empres\u00e1rios querem valorizar a iniciativa privada, lucrar cada vez mais.<\/p>\n<p>Nossa homenagem \u00e0queles que tiveram que se reinventar e seguem na luta em defesa de um servi\u00e7o p\u00fablico de qualidade para toda a popula\u00e7\u00e3o. Nosso agradecimento aos que valorizam a categoria, investiram em concursos p\u00fablicos, como os presidentes Lula e Dilma. Somente nos governos Lula, foram contratados atrav\u00e9s de concurso mais de 155 mil servidores, coerente com os princ\u00edpios dos que querem um Estado forte capaz de desenvolver pol\u00edticas sociais amplas e eficazes.<\/p>\n<p>N\u00f3s, da CUT-Rio, seguimos ao lado dos que defendem um Brasil mais justo para todos. Por isso, caminhamos ao lado dos servidores. Para n\u00f3s, teu nome servidor, \u00e9 resist\u00eancia.<\/p>\n<p><em>*Sandro Cezar<\/em> &#8211; Presidente da CUT-Rio<\/p>\n","protected":false},"excerpt":{"rendered":"<p>&#8220;Parasitas. Privilegiados. Respons\u00e1veis pelo Estado inchado. Essas s\u00e3o algumas das \u201crefer\u00eancias\u201d associadas aos servidores p\u00fablicos nesses tempos de \u00f3dio. Mas a quem interessa corromper a imagem daqueles que s\u00e3o respons\u00e1veis por entregar servi\u00e7os de qualidade \u00e0 sociedade brasileira?&#8221; Sandro Cezar* Foram os servidores que salvaram vidas em meio a pior pandemia dos \u00faltimos cem anos. Encararam de frente uma doen\u00e7a [&hellip;]<\/p>\n","protected":false},"author":27,"featured_media":0,"comment_status":"open","ping_status":"closed","sticky":false,"template":"","format":"standard","meta":{"footnotes":""},"categories":[2719],"tags":[17262,93,17256,13793,4856,2293,19452,620,56,3144,19451,19453,4228,17255,16960,8629,6796,58,351,9785,6104,274],"class_list":["post-21025","post","type-post","status-publish","format-standard","hentry","category-servidor","tag-auxilio-emergencial","tag-concurso","tag-covid-19","tag-crise-economica","tag-denunciar","tag-desemprego","tag-equipamento-de-protecao","tag-estabilidade","tag-estado","tag-imagem","tag-inchado","tag-ministerioo-da-saude","tag-odio","tag-pandemia","tag-parasitas","tag-pobreza","tag-privilegiados","tag-servidores","tag-sociedade","tag-superfaturamento","tag-vacina","tag-virus"],"_links":{"self":[{"href":"https:\/\/blogs.correiobraziliense.com.br\/servidor\/wp-json\/wp\/v2\/posts\/21025","targetHints":{"allow":["GET"]}}],"collection":[{"href":"https:\/\/blogs.correiobraziliense.com.br\/servidor\/wp-json\/wp\/v2\/posts"}],"about":[{"href":"https:\/\/blogs.correiobraziliense.com.br\/servidor\/wp-json\/wp\/v2\/types\/post"}],"author":[{"embeddable":true,"href":"https:\/\/blogs.correiobraziliense.com.br\/servidor\/wp-json\/wp\/v2\/users\/27"}],"replies":[{"embeddable":true,"href":"https:\/\/blogs.correiobraziliense.com.br\/servidor\/wp-json\/wp\/v2\/comments?post=21025"}],"version-history":[{"count":1,"href":"https:\/\/blogs.correiobraziliense.com.br\/servidor\/wp-json\/wp\/v2\/posts\/21025\/revisions"}],"predecessor-version":[{"id":21026,"href":"https:\/\/blogs.correiobraziliense.com.br\/servidor\/wp-json\/wp\/v2\/posts\/21025\/revisions\/21026"}],"wp:attachment":[{"href":"https:\/\/blogs.correiobraziliense.com.br\/servidor\/wp-json\/wp\/v2\/media?parent=21025"}],"wp:term":[{"taxonomy":"category","embeddable":true,"href":"https:\/\/blogs.correiobraziliense.com.br\/servidor\/wp-json\/wp\/v2\/categories?post=21025"},{"taxonomy":"post_tag","embeddable":true,"href":"https:\/\/blogs.correiobraziliense.com.br\/servidor\/wp-json\/wp\/v2\/tags?post=21025"}],"curies":[{"name":"wp","href":"https:\/\/api.w.org\/{rel}","templated":true}]}}