{"id":21012,"date":"2021-10-27T11:59:36","date_gmt":"2021-10-27T14:59:36","guid":{"rendered":"https:\/\/blogs.correiobraziliense.com.br\/servidor\/?p=21012"},"modified":"2021-10-27T11:59:36","modified_gmt":"2021-10-27T14:59:36","slug":"ser-vi-dor","status":"publish","type":"post","link":"https:\/\/blogs.correiobraziliense.com.br\/servidor\/ser-vi-dor\/","title":{"rendered":"SER \u2013 VI \u2013 DOR"},"content":{"rendered":"<p><em><strong>&#8220;Entre o valor que temos e o reconhecimento que nos \u00e9 dado. Ao inv\u00e9s de pontes, o abismo. Reformas, precariza\u00e7\u00e3o, perdas, persegui\u00e7\u00e3o. Os verdadeiros parasitas n\u00e3o se cansam. Tentam nos matar em morte lenta, e a esse exterm\u00ednio d\u00e3o o nome de \u201creforma administrativa\u201d. N\u00e3o passar\u00e3o. Da nossa dor, da nossa luta, servir\u00e1 a travessia&#8221;<\/strong><\/em><\/p>\n<p><em><strong>Humberto Lucchesi de Carvalho<\/strong><\/em><\/p>\n<p><img loading=\"lazy\" decoding=\"async\" class=\"size-full wp-image-21013 alignleft\" src=\"https:\/\/blogs.correiobraziliense.com.br\/servidor\/wp-content\/uploads\/sites\/10\/2021\/10\/Humberto-Lucchesi-de-Carvalho.jpg\" alt=\"\" width=\"512\" height=\"340\" srcset=\"https:\/\/blogs.correiobraziliense.com.br\/servidor\/wp-content\/uploads\/sites\/10\/2021\/10\/Humberto-Lucchesi-de-Carvalho.jpg 512w, https:\/\/blogs.correiobraziliense.com.br\/servidor\/wp-content\/uploads\/sites\/10\/2021\/10\/Humberto-Lucchesi-de-Carvalho-300x199.jpg 300w, https:\/\/blogs.correiobraziliense.com.br\/servidor\/wp-content\/uploads\/sites\/10\/2021\/10\/Humberto-Lucchesi-de-Carvalho-230x153.jpg 230w\" sizes=\"auto, (max-width: 512px) 100vw, 512px\" \/><\/p>\n<p>SER. Que nos tornemos o que estamos destinados a ser. Um efetivo Estado Democr\u00e1tico de Direito. Uma \u201csociedade livre, justa e solid\u00e1ria\u201d que \u201creduza desigualdades sociais e regionais\u201d e \u201cpromova o bem de todos\u201d. Obra inacabada e em permanente constru\u00e7\u00e3o. Em que a efetiva\u00e7\u00e3o imprescinde dos servidores p\u00fablicos. E de governantes que reconhe\u00e7am o papel do Estado ao inv\u00e9s de coopt\u00e1-lo. E num movimento pendular, que evolui e retrocede, que esquenta e esfria: o que \u201ca vida nos pede \u00e9 coragem\u201d para seguir por suas veredas.<\/p>\n<p>VI. Em cada bra\u00e7o, uma vacina. Aplicadas por quem? Vi em demanda do judici\u00e1rio, a corre\u00e7\u00e3o de uma injusti\u00e7a. Conduzidas por quem? Vi em cada estudante, um novo aprendizado. Ensinado por quem? Em cada esquina, um olhar vigilante. Assegurado por quem? Vi a busca constante pelo cumprimento da lei. Fiscalizada por quem? O mercado, por sua vez, s\u00f3 v\u00ea o lucro. \u00c9 preciso olhar para as pessoas. \u00c9 preciso servir \u00e0s pessoas, mais e mais.<\/p>\n<p>DOR. A dor que se deixa corroer. Entre o que somos, e o que poderia ser. Entre o valor que temos e o reconhecimento que nos \u00e9 dado. Ao inv\u00e9s de pontes, o abismo. Reformas, precariza\u00e7\u00e3o, perdas, persegui\u00e7\u00e3o. Os verdadeiros parasitas n\u00e3o se cansam. Tentam nos matar em morte lenta, e a esse exterm\u00ednio d\u00e3o o nome de \u201creforma administrativa\u201d. N\u00e3o passar\u00e3o. Da nossa dor, da nossa luta, servir\u00e1 a travessia.<\/p>\n<p>TRAVESSIA. Ainda estamos longe de ser o Estado de Bem Estar Social prometido pela Constitui\u00e7\u00e3o de 1988. Tampouco nos identificamos com a pol\u00edtica de aniquilamento do atual governo. Atravessamos tempos dif\u00edceis, talvez os mais dif\u00edceis j\u00e1 vistos. Mais uma vez, vale recordar Guimar\u00e3es Rosa: \u201co real n\u00e3o est\u00e1 no in\u00edcio nem no fim, ele se mostra pra gente \u00e9 no meio da travessia\u201d. Precisamos seguir: unidos, resilientes, esperan\u00e7osos em meio ao caos. O voto ainda \u00e9 ferramenta poderosa. Que saibamos us\u00e1-lo em 2022. Vamos juntar o que somos com aquilo que vimos e ressignificar essa dor. A luta continua.<\/p>\n<p>Parab\u00e9ns pelo dia do Servidor P\u00fablico.<\/p>\n<p>S\u00e3o os voto de Humberto Lucchesi de Carvalho, advogado, aos servidores p\u00fablicos brasileiros.<\/p>\n<p><em>Foto: Serjusmig<\/em><\/p>\n","protected":false},"excerpt":{"rendered":"<p>&#8220;Entre o valor que temos e o reconhecimento que nos \u00e9 dado. Ao inv\u00e9s de pontes, o abismo. Reformas, precariza\u00e7\u00e3o, perdas, persegui\u00e7\u00e3o. Os verdadeiros parasitas n\u00e3o se cansam. Tentam nos matar em morte lenta, e a esse exterm\u00ednio d\u00e3o o nome de \u201creforma administrativa\u201d. N\u00e3o passar\u00e3o. Da nossa dor, da nossa luta, servir\u00e1 a travessia&#8221; Humberto Lucchesi de Carvalho SER. [&hellip;]<\/p>\n","protected":false},"author":27,"featured_media":0,"comment_status":"open","ping_status":"closed","sticky":false,"template":"","format":"standard","meta":{"footnotes":""},"categories":[2719],"tags":[11845,4095,14587,9483,64,102,19446,719,489,668,2149,2961,15938,1893,351],"class_list":["post-21012","post","type-post","status-publish","format-standard","hentry","category-servidor","tag-desigualdades","tag-dia-do-servidor","tag-estado-democratico-de-direito","tag-governantes","tag-judiciario","tag-lei","tag-luclro","tag-luta","tag-mercado","tag-perdas","tag-perseguicao","tag-precarizacao","tag-reforma-administrativa","tag-reformas","tag-sociedade"],"_links":{"self":[{"href":"https:\/\/blogs.correiobraziliense.com.br\/servidor\/wp-json\/wp\/v2\/posts\/21012","targetHints":{"allow":["GET"]}}],"collection":[{"href":"https:\/\/blogs.correiobraziliense.com.br\/servidor\/wp-json\/wp\/v2\/posts"}],"about":[{"href":"https:\/\/blogs.correiobraziliense.com.br\/servidor\/wp-json\/wp\/v2\/types\/post"}],"author":[{"embeddable":true,"href":"https:\/\/blogs.correiobraziliense.com.br\/servidor\/wp-json\/wp\/v2\/users\/27"}],"replies":[{"embeddable":true,"href":"https:\/\/blogs.correiobraziliense.com.br\/servidor\/wp-json\/wp\/v2\/comments?post=21012"}],"version-history":[{"count":1,"href":"https:\/\/blogs.correiobraziliense.com.br\/servidor\/wp-json\/wp\/v2\/posts\/21012\/revisions"}],"predecessor-version":[{"id":21014,"href":"https:\/\/blogs.correiobraziliense.com.br\/servidor\/wp-json\/wp\/v2\/posts\/21012\/revisions\/21014"}],"wp:attachment":[{"href":"https:\/\/blogs.correiobraziliense.com.br\/servidor\/wp-json\/wp\/v2\/media?parent=21012"}],"wp:term":[{"taxonomy":"category","embeddable":true,"href":"https:\/\/blogs.correiobraziliense.com.br\/servidor\/wp-json\/wp\/v2\/categories?post=21012"},{"taxonomy":"post_tag","embeddable":true,"href":"https:\/\/blogs.correiobraziliense.com.br\/servidor\/wp-json\/wp\/v2\/tags?post=21012"}],"curies":[{"name":"wp","href":"https:\/\/api.w.org\/{rel}","templated":true}]}}