{"id":20992,"date":"2021-10-25T21:58:22","date_gmt":"2021-10-26T00:58:22","guid":{"rendered":"https:\/\/blogs.correiobraziliense.com.br\/servidor\/?p=20992"},"modified":"2021-10-25T21:58:22","modified_gmt":"2021-10-26T00:58:22","slug":"pilotos-e-comissarios-aprovam-inicio-de-procedimentos-para-greve-no-final-de-novembro","status":"publish","type":"post","link":"https:\/\/blogs.correiobraziliense.com.br\/servidor\/pilotos-e-comissarios-aprovam-inicio-de-procedimentos-para-greve-no-final-de-novembro\/","title":{"rendered":"Pilotos e comiss\u00e1rios aprovam in\u00edcio de procedimentos para greve no final de novembro"},"content":{"rendered":"<p><em><strong>Em vota\u00e7\u00e3o on-line nesta segunda-feira (25), os pilotos e comiss\u00e1rios de voo das empresas de avia\u00e7\u00e3o regular associados ao Sindicato Nacional dos Aeronautas (SNA) decidiram aprovar a instaura\u00e7\u00e3o de movimento grevista, caso n\u00e3o seja formalizada a renova\u00e7\u00e3o da Conven\u00e7\u00e3o Coletiva de Trabalho (CCT), at\u00e9 o dia 20 de novembro de 2021<\/strong><\/em><\/p>\n<p><img loading=\"lazy\" decoding=\"async\" class=\"alignright size-full wp-image-20993\" src=\"https:\/\/blogs.correiobraziliense.com.br\/servidor\/wp-content\/uploads\/sites\/10\/2021\/10\/AVI\u00c3O-PILOTO-COMISS\u00c1RIO.jpg\" alt=\"\" width=\"800\" height=\"533\" srcset=\"https:\/\/blogs.correiobraziliense.com.br\/servidor\/wp-content\/uploads\/sites\/10\/2021\/10\/AVI\u00c3O-PILOTO-COMISS\u00c1RIO.jpg 800w, https:\/\/blogs.correiobraziliense.com.br\/servidor\/wp-content\/uploads\/sites\/10\/2021\/10\/AVI\u00c3O-PILOTO-COMISS\u00c1RIO-300x200.jpg 300w, https:\/\/blogs.correiobraziliense.com.br\/servidor\/wp-content\/uploads\/sites\/10\/2021\/10\/AVI\u00c3O-PILOTO-COMISS\u00c1RIO-768x512.jpg 768w, https:\/\/blogs.correiobraziliense.com.br\/servidor\/wp-content\/uploads\/sites\/10\/2021\/10\/AVI\u00c3O-PILOTO-COMISS\u00c1RIO-550x366.jpg 550w, https:\/\/blogs.correiobraziliense.com.br\/servidor\/wp-content\/uploads\/sites\/10\/2021\/10\/AVI\u00c3O-PILOTO-COMISS\u00c1RIO-230x153.jpg 230w\" sizes=\"auto, (max-width: 800px) 100vw, 800px\" \/><\/p>\n<p>&nbsp;<\/p>\n<p><em>Foto: Bianch Pilot Shop<\/em><\/p>\n<p>A pauta de reivindica\u00e7\u00f5es para a renova\u00e7\u00e3o da CCT dos aeronautas tem como \u00fanico pleito a corre\u00e7\u00e3o das perdas inflacion\u00e1rias nos sal\u00e1rios de dois anos (24 meses), ou seja, reajuste pelo INPC do per\u00edodo de 1\u00ba de dezembro de 2019 a 30 de novembro de 2021.<\/p>\n<p>Nas demais cl\u00e1usulas, o pedido \u00e9 justamente a renova\u00e7\u00e3o na \u00edntegra do texto vigente, garantindo a manuten\u00e7\u00e3o de uma regulamenta\u00e7\u00e3o m\u00ednima para o exerc\u00edcio da profiss\u00e3o sem riscos para a seguran\u00e7a.\u00a0Uma nova reuni\u00e3o com as empresas est\u00e1 marcada para a pr\u00f3xima quinta-feira (28).<\/p>\n<p>Foram registrados 95,53% de votos a favor, 3,22% de votos contr\u00e1rios e 1,25% de absten\u00e7\u00f5es. Participaram da delibera\u00e7\u00e3o 6.178 votantes.<\/p>\n<p><strong>Ultratividade<\/strong><\/p>\n<p>Na reuni\u00e3o do \u00faltimo dia 20, o Sindicato Nacional das Empresas Aerovi\u00e1rias (Snea) negou a possibilidade de ultratividade da atual CCT, ou seja, n\u00e3o garantiu a manuten\u00e7\u00e3o das cl\u00e1usulas atuais da conven\u00e7\u00e3o em caso de um novo acordo n\u00e3o ter sido fechado at\u00e9 a data-base da categoria \u20141\u00ba de dezembro.<\/p>\n<p>&#8220;Ressaltamos que o eventual fim da vig\u00eancia do instrumento coletivo acarreta a elimina\u00e7\u00e3o imediata de diversos direitos sociais e econ\u00f4micos da categoria, al\u00e9m do fim de regramentos operacionais essenciais que se encontram previstos exclusivamente neste documento, com impacto negativo, inclusive, para as pr\u00f3prias empresas&#8221;, informa o SNA.<\/p>\n<p>Diante dos graves riscos para a seguran\u00e7a de voo com a possibilidade de queda repentina de normas que regem a profiss\u00e3o, a categoria expressou a indigna\u00e7\u00e3o com a expressiva vota\u00e7\u00e3o a favor da possibilidade de um movimento grevista.<\/p>\n<p>&#8220;Lembramos ainda que a categoria vem de um per\u00edodo em que se viu obrigada a firmar acordos coletivos para suspens\u00e3o de contratos, licen\u00e7as n\u00e3o-remuneradas e redu\u00e7\u00e3o de jornadas e sal\u00e1rios&#8221;, reforma o sindicato.<\/p>\n<p>&nbsp;<\/p>\n<p>***<\/p>\n","protected":false},"excerpt":{"rendered":"<p>Em vota\u00e7\u00e3o on-line nesta segunda-feira (25), os pilotos e comiss\u00e1rios de voo das empresas de avia\u00e7\u00e3o regular associados ao Sindicato Nacional dos Aeronautas (SNA) decidiram aprovar a instaura\u00e7\u00e3o de movimento grevista, caso n\u00e3o seja formalizada a renova\u00e7\u00e3o da Conven\u00e7\u00e3o Coletiva de Trabalho (CCT), at\u00e9 o dia 20 de novembro de 2021 &nbsp; Foto: Bianch Pilot Shop A pauta de reivindica\u00e7\u00f5es [&hellip;]<\/p>\n","protected":false},"author":27,"featured_media":0,"comment_status":"open","ping_status":"closed","sticky":false,"template":"","format":"standard","meta":{"footnotes":""},"categories":[2719],"tags":[4042,715,4845,4528,517,759,390,19436,4000,668,516,2375,5872,3770,10975],"class_list":["post-20992","post","type-post","status-publish","format-standard","hentry","category-servidor","tag-aeronaves","tag-aviacao","tag-aviao","tag-cct","tag-comissarios","tag-correcao","tag-empresas","tag-inflacionaias","tag-inpc","tag-perdas","tag-pilotos","tag-regular","tag-sna","tag-snea","tag-voos"],"_links":{"self":[{"href":"https:\/\/blogs.correiobraziliense.com.br\/servidor\/wp-json\/wp\/v2\/posts\/20992","targetHints":{"allow":["GET"]}}],"collection":[{"href":"https:\/\/blogs.correiobraziliense.com.br\/servidor\/wp-json\/wp\/v2\/posts"}],"about":[{"href":"https:\/\/blogs.correiobraziliense.com.br\/servidor\/wp-json\/wp\/v2\/types\/post"}],"author":[{"embeddable":true,"href":"https:\/\/blogs.correiobraziliense.com.br\/servidor\/wp-json\/wp\/v2\/users\/27"}],"replies":[{"embeddable":true,"href":"https:\/\/blogs.correiobraziliense.com.br\/servidor\/wp-json\/wp\/v2\/comments?post=20992"}],"version-history":[{"count":1,"href":"https:\/\/blogs.correiobraziliense.com.br\/servidor\/wp-json\/wp\/v2\/posts\/20992\/revisions"}],"predecessor-version":[{"id":20994,"href":"https:\/\/blogs.correiobraziliense.com.br\/servidor\/wp-json\/wp\/v2\/posts\/20992\/revisions\/20994"}],"wp:attachment":[{"href":"https:\/\/blogs.correiobraziliense.com.br\/servidor\/wp-json\/wp\/v2\/media?parent=20992"}],"wp:term":[{"taxonomy":"category","embeddable":true,"href":"https:\/\/blogs.correiobraziliense.com.br\/servidor\/wp-json\/wp\/v2\/categories?post=20992"},{"taxonomy":"post_tag","embeddable":true,"href":"https:\/\/blogs.correiobraziliense.com.br\/servidor\/wp-json\/wp\/v2\/tags?post=20992"}],"curies":[{"name":"wp","href":"https:\/\/api.w.org\/{rel}","templated":true}]}}