{"id":20976,"date":"2021-10-25T11:20:30","date_gmt":"2021-10-25T14:20:30","guid":{"rendered":"https:\/\/blogs.correiobraziliense.com.br\/servidor\/?p=20976"},"modified":"2021-10-25T11:50:28","modified_gmt":"2021-10-25T14:50:28","slug":"stf-decide-que-trabalhador-com-acesso-a-justica-gratuita-nao-pagara-honorarios-de-sucumbencia-e-periciais","status":"publish","type":"post","link":"https:\/\/blogs.correiobraziliense.com.br\/servidor\/stf-decide-que-trabalhador-com-acesso-a-justica-gratuita-nao-pagara-honorarios-de-sucumbencia-e-periciais\/","title":{"rendered":"STF decide que trabalhador com acesso a justi\u00e7a gratuita n\u00e3o pagar\u00e1 honor\u00e1rios de sucumb\u00eancia e periciais"},"content":{"rendered":"<p><em><strong>&#8220;Estatisticamente e drasticamente ca\u00edram o n\u00famero de a\u00e7\u00f5es trabalhistas ap\u00f3s a reforma trabalhista, o que impactou tamb\u00e9m na jurisprud\u00eancia, porque muitas mat\u00e9rias que a reforma trouxe n\u00e3o foram debatidas nas a\u00e7\u00f5es judiciais por conta do receio da sucumb\u00eancia&#8221;<\/strong><\/em><\/p>\n<p><em><strong>Daiane Becker*<\/strong><\/em><\/p>\n<p><img loading=\"lazy\" decoding=\"async\" class=\"size-large wp-image-20979 alignleft\" src=\"https:\/\/blogs.correiobraziliense.com.br\/servidor\/wp-content\/uploads\/sites\/10\/2021\/10\/DAIANE-BECKER1-576x1024.jpg\" alt=\"\" width=\"576\" height=\"1024\" srcset=\"https:\/\/blogs.correiobraziliense.com.br\/servidor\/wp-content\/uploads\/sites\/10\/2021\/10\/DAIANE-BECKER1-576x1024.jpg 576w, https:\/\/blogs.correiobraziliense.com.br\/servidor\/wp-content\/uploads\/sites\/10\/2021\/10\/DAIANE-BECKER1-169x300.jpg 169w, https:\/\/blogs.correiobraziliense.com.br\/servidor\/wp-content\/uploads\/sites\/10\/2021\/10\/DAIANE-BECKER1-768x1365.jpg 768w, https:\/\/blogs.correiobraziliense.com.br\/servidor\/wp-content\/uploads\/sites\/10\/2021\/10\/DAIANE-BECKER1-800x1422.jpg 800w, https:\/\/blogs.correiobraziliense.com.br\/servidor\/wp-content\/uploads\/sites\/10\/2021\/10\/DAIANE-BECKER1-550x978.jpg 550w, https:\/\/blogs.correiobraziliense.com.br\/servidor\/wp-content\/uploads\/sites\/10\/2021\/10\/DAIANE-BECKER1-230x409.jpg 230w, https:\/\/blogs.correiobraziliense.com.br\/servidor\/wp-content\/uploads\/sites\/10\/2021\/10\/DAIANE-BECKER1.jpg 900w\" sizes=\"auto, (max-width: 576px) 100vw, 576px\" \/><\/p>\n<p>&nbsp;<\/p>\n<p>O Supremo Tribunal Federal (STF) na quarta-feira do dia 20 de outubro de 2021, por maioria, julgou parcialmente procedente o pedido formulado em a\u00e7\u00e3o direta, para declarar inconstitucionais os artigos 790-B, caput e \u00a7 4\u00ba, e 791-A, \u00a7 4\u00ba, da Consolida\u00e7\u00e3o das Leis do Trabalho (CLT). Artigos estes da reforma trabalhista que obrigavam benefici\u00e1rio da justi\u00e7a gratuita a pagar honor\u00e1rios advocat\u00edcios sucumbenciais e periciais em caso de perda de pedido em reclamat\u00f3ria trabalhista.<\/p>\n<p>Isso significa que o atual cen\u00e1rio jur\u00eddico trabalhista brasileiro trouxe important\u00edssima altera\u00e7\u00e3o na regra sobre honor\u00e1rios sucumbenciais advocat\u00edcios e periciais, que se referem a cada pedido que a parte benefici\u00e1ria da justi\u00e7a gratuita perde em reclama\u00e7\u00e3o trabalhista. Algo que existia, e deixou de existir com a reforma trabalhista ocorrida em 2017.<\/p>\n<p>Estatisticamente e drasticamente ca\u00edram o n\u00famero de a\u00e7\u00f5es trabalhistas ap\u00f3s a reforma trabalhista, o que impactou tamb\u00e9m na jurisprud\u00eancia, porque muitas mat\u00e9rias que a reforma trouxe n\u00e3o foram debatidas nas a\u00e7\u00f5es judiciais por conta do receio da sucumb\u00eancia.<\/p>\n<p>E agora o STF reformulou a quest\u00e3o para : \u201cCaso a parte seja sucumbente no \u00e2mbito da justi\u00e7a trabalhista, a execu\u00e7\u00e3o de honor\u00e1rios, seja sucumbencial, seja pericial, contra benefici\u00e1rio da justi\u00e7a gratuita, depende necessariamente da percep\u00e7\u00e3o de um cr\u00e9dito que o retira da situa\u00e7\u00e3o de insufici\u00eancia econ\u00f4mica que justificou a concess\u00e3o do benef\u00edcio\u201d.<\/p>\n<p>Sem d\u00favidas esse cen\u00e1rio favorece o aumento de demandas judiciais trabalhistas, haja vista que o receio de condena\u00e7\u00e3o pecuni\u00e1ria permeava junto ao trabalhador para ingressar judicialmente pela possibilidade de perda por pedido e ter que arcar com tais honor\u00e1rios junto a justi\u00e7a do trabalho.<\/p>\n<p>Levando-se em considera\u00e7\u00e3o tais aspectos, ineg\u00e1vel que ser\u00e1 crescente a partir de agora o n\u00famero de demandas trabalhistas que tendem a enfrentar as empresas.<\/p>\n<p><em>*Daiane Becker \u2013 Advogada especialista em direito do trabalho e previdenci\u00e1rio<\/em><\/p>\n<p><em>Foto: Arquivo pessoal<\/em><\/p>\n","protected":false},"excerpt":{"rendered":"<p>&#8220;Estatisticamente e drasticamente ca\u00edram o n\u00famero de a\u00e7\u00f5es trabalhistas ap\u00f3s a reforma trabalhista, o que impactou tamb\u00e9m na jurisprud\u00eancia, porque muitas mat\u00e9rias que a reforma trouxe n\u00e3o foram debatidas nas a\u00e7\u00f5es judiciais por conta do receio da sucumb\u00eancia&#8221; Daiane Becker* &nbsp; O Supremo Tribunal Federal (STF) na quarta-feira do dia 20 de outubro de 2021, por maioria, julgou parcialmente procedente [&hellip;]<\/p>\n","protected":false},"author":27,"featured_media":0,"comment_status":"open","ping_status":"closed","sticky":false,"template":"","format":"standard","meta":{"footnotes":""},"categories":[2719],"tags":[84,2272,1373,3717,19427,609,9253,34,19428,3088],"class_list":["post-20976","post","type-post","status-publish","format-standard","hentry","category-servidor","tag-acesso","tag-clt","tag-honorarios","tag-jurisprudencia","tag-justica-gratuita","tag-pericias","tag-reforma-trabalhista","tag-stf","tag-sucumbenciis","tag-trabalhador"],"_links":{"self":[{"href":"https:\/\/blogs.correiobraziliense.com.br\/servidor\/wp-json\/wp\/v2\/posts\/20976","targetHints":{"allow":["GET"]}}],"collection":[{"href":"https:\/\/blogs.correiobraziliense.com.br\/servidor\/wp-json\/wp\/v2\/posts"}],"about":[{"href":"https:\/\/blogs.correiobraziliense.com.br\/servidor\/wp-json\/wp\/v2\/types\/post"}],"author":[{"embeddable":true,"href":"https:\/\/blogs.correiobraziliense.com.br\/servidor\/wp-json\/wp\/v2\/users\/27"}],"replies":[{"embeddable":true,"href":"https:\/\/blogs.correiobraziliense.com.br\/servidor\/wp-json\/wp\/v2\/comments?post=20976"}],"version-history":[{"count":2,"href":"https:\/\/blogs.correiobraziliense.com.br\/servidor\/wp-json\/wp\/v2\/posts\/20976\/revisions"}],"predecessor-version":[{"id":20980,"href":"https:\/\/blogs.correiobraziliense.com.br\/servidor\/wp-json\/wp\/v2\/posts\/20976\/revisions\/20980"}],"wp:attachment":[{"href":"https:\/\/blogs.correiobraziliense.com.br\/servidor\/wp-json\/wp\/v2\/media?parent=20976"}],"wp:term":[{"taxonomy":"category","embeddable":true,"href":"https:\/\/blogs.correiobraziliense.com.br\/servidor\/wp-json\/wp\/v2\/categories?post=20976"},{"taxonomy":"post_tag","embeddable":true,"href":"https:\/\/blogs.correiobraziliense.com.br\/servidor\/wp-json\/wp\/v2\/tags?post=20976"}],"curies":[{"name":"wp","href":"https:\/\/api.w.org\/{rel}","templated":true}]}}