{"id":20964,"date":"2021-10-22T19:22:00","date_gmt":"2021-10-22T22:22:00","guid":{"rendered":"https:\/\/blogs.correiobraziliense.com.br\/servidor\/?p=20964"},"modified":"2021-10-22T19:22:00","modified_gmt":"2021-10-22T22:22:00","slug":"associacoes-do-ministerio-publico-apresentam-proposta-de-codigo-de-etica-para-promotores-e-procuradores-de-justica","status":"publish","type":"post","link":"https:\/\/blogs.correiobraziliense.com.br\/servidor\/associacoes-do-ministerio-publico-apresentam-proposta-de-codigo-de-etica-para-promotores-e-procuradores-de-justica\/","title":{"rendered":"Associa\u00e7\u00f5es do Minist\u00e9rio P\u00fablico apresentam proposta de C\u00f3digo de \u00c9tica para promotores e procuradores de Justi\u00e7a"},"content":{"rendered":"<p><em><strong>Documento ser\u00e1 entregue n a pr\u00f3xima segunda-feira (25) ao procurador-geral da Rep\u00fablica, Augusto Aras. A cerim\u00f4nia de entrega est\u00e1 marcada para as 16 horas. A\u00a0discuss\u00e3o sobre o C\u00f3digo de \u00c9tica foi retomada recentemente, com a Proposta de Emenda Constitucional 05\/2021 &#8211; rejeitada no Congresso<\/strong><\/em><\/p>\n<p><img loading=\"lazy\" decoding=\"async\" class=\"alignright size-full wp-image-20965\" src=\"https:\/\/blogs.correiobraziliense.com.br\/servidor\/wp-content\/uploads\/sites\/10\/2021\/10\/\u00c9TICA.jpg\" alt=\"\" width=\"570\" height=\"340\" srcset=\"https:\/\/blogs.correiobraziliense.com.br\/servidor\/wp-content\/uploads\/sites\/10\/2021\/10\/\u00c9TICA.jpg 570w, https:\/\/blogs.correiobraziliense.com.br\/servidor\/wp-content\/uploads\/sites\/10\/2021\/10\/\u00c9TICA-300x179.jpg 300w, https:\/\/blogs.correiobraziliense.com.br\/servidor\/wp-content\/uploads\/sites\/10\/2021\/10\/\u00c9TICA-550x328.jpg 550w, https:\/\/blogs.correiobraziliense.com.br\/servidor\/wp-content\/uploads\/sites\/10\/2021\/10\/\u00c9TICA-230x137.jpg 230w\" sizes=\"auto, (max-width: 570px) 100vw, 570px\" \/><\/p>\n<p>Os presidentes das seis associa\u00e7\u00f5es que representam todos os membros do Minist\u00e9rio P\u00fablico (MP) no Brasil v\u00e3o apresentar na segunda-feira (25) a proposta de um C\u00f3digo de \u00c9tica, para disciplinar a atua\u00e7\u00e3o de promotores e procuradores de Justi\u00e7a. O documento ser\u00e1 entregue ao procurador-geral da Rep\u00fablica, Augusto Aras, em cerim\u00f4nia a ser realizada em Bras\u00edlia.<\/p>\n<p>A cerim\u00f4nia de entrega da proposta est\u00e1 marcada para as 16h, na sede da Procuradoria-Geral da Rep\u00fablica. Al\u00e9m de Aras, participam do ato os presidentes da Associa\u00e7\u00e3o Nacional dos Membros do Minist\u00e9rio P\u00fablico (Conamp), do Conselho Nacional de Procuradores Gerais (CNPG), da Associa\u00e7\u00e3o Nacional dos Procuradores da Rep\u00fablica (ANPR), da Associa\u00e7\u00e3o Nacional dos Procuradores e Procuradoras do Trabalho (ANPT) e da Associa\u00e7\u00e3o do Minist\u00e9rio P\u00fablico do Distrito Federal e Territ\u00f3rios (AMPDFT).<\/p>\n<p>O C\u00f3digo de \u00c9tica do Minist\u00e9rio P\u00fablico re\u00fane uma s\u00e9rie de procedimentos que dever\u00e3o ser seguidos pela classe, a exemplo de documento hom\u00f4nimo, que rege as atividades da magistratura (Loman). O objetivo \u00e9 unificar as pr\u00e1ticas, para garantir o pleno atendimento \u00e0s demandas da sociedade brasileira. O documento tamb\u00e9m vai refor\u00e7ar a simetria entre o Poder Judici\u00e1rio e o MP.<\/p>\n<p>Atualmente, a atua\u00e7\u00e3o do Minist\u00e9rio P\u00fablico \u00e9 regida pelas disposi\u00e7\u00f5es constitucionais e pela Lei Org\u00e2nica do Minist\u00e9rio P\u00fablico, que versa sobre as pr\u00e1ticas gerais das entidades em todo o pa\u00eds. Al\u00e9m dessas legisla\u00e7\u00f5es, cada ramo do MP conta com a pr\u00f3pria Lei Org\u00e2nica.<\/p>\n<p>O C\u00f3digo de \u00c9tica poder\u00e1 reunir, em um s\u00f3 documento, as melhores pr\u00e1ticas aplic\u00e1veis \u00e0s diferentes esferas do Minist\u00e9rio P\u00fablico, exigindo que todos os membros as sigam.<\/p>\n<p>A discuss\u00e3o sobre o C\u00f3digo de \u00c9tica, apoiada pelas entidades de classe, foi retomada recentemente, com a Proposta de Emenda Constitucional 05\/2021. Apesar da rejei\u00e7\u00e3o do texto, os membros do Minist\u00e9rio P\u00fablico entendem que essa \u00e9 uma demanda da sociedade brasileira, em busca da garantia de higidez da institui\u00e7\u00e3o.<\/p>\n<p>As entidades esperam que a proposta encaminhada ao PGR seja discutida internamente e com toda a sociedade. Assim como nas discuss\u00f5es da PEC 05\/2021, as associa\u00e7\u00f5es pretendem manter o di\u00e1logo e as negocia\u00e7\u00f5es para que o documento reforce a institui\u00e7\u00e3o e a defesa das leis e do Estado Democr\u00e1tico de Direito.<\/p>\n<p><em>Ilustra\u00e7\u00e3o: S2Consultoria<\/em><\/p>\n","protected":false},"excerpt":{"rendered":"<p>Documento ser\u00e1 entregue n a pr\u00f3xima segunda-feira (25) ao procurador-geral da Rep\u00fablica, Augusto Aras. A cerim\u00f4nia de entrega est\u00e1 marcada para as 16 horas. A\u00a0discuss\u00e3o sobre o C\u00f3digo de \u00c9tica foi retomada recentemente, com a Proposta de Emenda Constitucional 05\/2021 &#8211; rejeitada no Congresso Os presidentes das seis associa\u00e7\u00f5es que representam todos os membros do Minist\u00e9rio P\u00fablico (MP) no Brasil [&hellip;]<\/p>\n","protected":false},"author":27,"featured_media":0,"comment_status":"open","ping_status":"closed","sticky":false,"template":"","format":"standard","meta":{"footnotes":""},"categories":[2719],"tags":[11534,100,3636,19420,2323,417,548,1235,4303,54],"class_list":["post-20964","post","type-post","status-publish","format-standard","hentry","category-servidor","tag-codigo-de-etica","tag-congresso","tag-disciplinar","tag-ec-05-2021","tag-magistratura","tag-ministerio-publico","tag-pgr","tag-procuradores","tag-promotores","tag-proposta"],"_links":{"self":[{"href":"https:\/\/blogs.correiobraziliense.com.br\/servidor\/wp-json\/wp\/v2\/posts\/20964","targetHints":{"allow":["GET"]}}],"collection":[{"href":"https:\/\/blogs.correiobraziliense.com.br\/servidor\/wp-json\/wp\/v2\/posts"}],"about":[{"href":"https:\/\/blogs.correiobraziliense.com.br\/servidor\/wp-json\/wp\/v2\/types\/post"}],"author":[{"embeddable":true,"href":"https:\/\/blogs.correiobraziliense.com.br\/servidor\/wp-json\/wp\/v2\/users\/27"}],"replies":[{"embeddable":true,"href":"https:\/\/blogs.correiobraziliense.com.br\/servidor\/wp-json\/wp\/v2\/comments?post=20964"}],"version-history":[{"count":1,"href":"https:\/\/blogs.correiobraziliense.com.br\/servidor\/wp-json\/wp\/v2\/posts\/20964\/revisions"}],"predecessor-version":[{"id":20966,"href":"https:\/\/blogs.correiobraziliense.com.br\/servidor\/wp-json\/wp\/v2\/posts\/20964\/revisions\/20966"}],"wp:attachment":[{"href":"https:\/\/blogs.correiobraziliense.com.br\/servidor\/wp-json\/wp\/v2\/media?parent=20964"}],"wp:term":[{"taxonomy":"category","embeddable":true,"href":"https:\/\/blogs.correiobraziliense.com.br\/servidor\/wp-json\/wp\/v2\/categories?post=20964"},{"taxonomy":"post_tag","embeddable":true,"href":"https:\/\/blogs.correiobraziliense.com.br\/servidor\/wp-json\/wp\/v2\/tags?post=20964"}],"curies":[{"name":"wp","href":"https:\/\/api.w.org\/{rel}","templated":true}]}}