{"id":20952,"date":"2021-10-20T16:04:09","date_gmt":"2021-10-20T19:04:09","guid":{"rendered":"https:\/\/blogs.correiobraziliense.com.br\/servidor\/?p=20952"},"modified":"2021-10-20T16:04:09","modified_gmt":"2021-10-20T19:04:09","slug":"parceria-entre-ministerio-da-justica-e-seguranca-publica-e-interpol-oferece-90-cursos-para-os-profissionais-da-area","status":"publish","type":"post","link":"https:\/\/blogs.correiobraziliense.com.br\/servidor\/parceria-entre-ministerio-da-justica-e-seguranca-publica-e-interpol-oferece-90-cursos-para-os-profissionais-da-area\/","title":{"rendered":"Parceria entre Minist\u00e9rio da Justi\u00e7a e Seguran\u00e7a P\u00fablica e Interpol oferece 90 cursos para os profissionais da \u00e1rea"},"content":{"rendered":"<p>I<em><strong>nscri\u00e7\u00f5es come\u00e7am nesta quarta-feira (20) e podem ser feitas por meio da rede do Sistema Nacional de Informa\u00e7\u00f5es de Seguran\u00e7a P\u00fablica<\/strong><\/em><\/p>\n<p><img loading=\"lazy\" decoding=\"async\" class=\"alignright size-full wp-image-19831\" src=\"https:\/\/blogs.correiobraziliense.com.br\/servidor\/wp-content\/uploads\/sites\/10\/2021\/06\/FOR\u00c7AS-DE-SEGURAN\u00c7A.jpg\" alt=\"\" width=\"512\" height=\"256\" srcset=\"https:\/\/blogs.correiobraziliense.com.br\/servidor\/wp-content\/uploads\/sites\/10\/2021\/06\/FOR\u00c7AS-DE-SEGURAN\u00c7A.jpg 512w, https:\/\/blogs.correiobraziliense.com.br\/servidor\/wp-content\/uploads\/sites\/10\/2021\/06\/FOR\u00c7AS-DE-SEGURAN\u00c7A-300x150.jpg 300w, https:\/\/blogs.correiobraziliense.com.br\/servidor\/wp-content\/uploads\/sites\/10\/2021\/06\/FOR\u00c7AS-DE-SEGURAN\u00c7A-230x115.jpg 230w\" sizes=\"auto, (max-width: 512px) 100vw, 512px\" \/><\/p>\n<p>Em mais uma a\u00e7\u00e3o estrat\u00e9gica de capacita\u00e7\u00e3o dos profissionais que integram o Sistema \u00danico de Seguran\u00e7a P\u00fablica (SUSP), o Minist\u00e9rio da Justi\u00e7a e Seguran\u00e7a P\u00fablica (MJSP) e a Organiza\u00e7\u00e3o Internacional de Pol\u00edcia Criminal (Interpol) oferecem 90 cursos a dist\u00e2ncia, tendo como um dos temas os crimes cibern\u00e9ticos. Esta \u00e9 a segunda vez que MJSP e Interpol firmam parceria para capacita\u00e7\u00f5es para os agentes da seguran\u00e7a p\u00fablica em \u00e2mbito nacional.<\/p>\n<p>As inscri\u00e7\u00f5es come\u00e7am nesta quarta-feira (20) e podem ser feitas por meio da rede do Sistema Nacional de Informa\u00e7\u00f5es de Seguran\u00e7a P\u00fablica (Sinesp), do MJSP. O interessado dever\u00e1 selecionar a op\u00e7\u00e3o EaD Segen. Os cursos, nos idiomas ingl\u00eas, franc\u00eas, espanhol e \u00e1rabe, ser\u00e3o ministrados por meio da plataforma da institui\u00e7\u00e3o internacional, a Interpol Global Learning Centre (IGLC). A lista pode ser acessada neste link.<\/p>\n<p>Dentre os temas das capacita\u00e7\u00f5es est\u00e3o \u201cIntrodu\u00e7\u00e3o \u00e0 Per\u00edcia Digital\u201d, \u201cInvestiga\u00e7\u00e3o de Intelig\u00eancia em Fontes Abertas\u201d e \u201cUso de M\u00eddias Sociais\u201d, bem como temas relacionados a capacidades espec\u00edficas dos \u00f3rg\u00e3os de seguran\u00e7a p\u00fablica.<\/p>\n<p>Inicialmente, ser\u00e3o 100 vagas para os agentes da seguran\u00e7a p\u00fablica do pa\u00eds. Ao alcan\u00e7ar este n\u00famero, o Minist\u00e9rio encaminhar\u00e1 a lista para a Interpol, que ficar\u00e1 respons\u00e1vel por dar in\u00edcio \u00e0s turmas. Posteriormente, ser\u00e3o abertas mais 100 vagas para os cursos e assim sucessivamente.<\/p>\n<p><strong>Sobre a Interpol<\/strong><\/p>\n<p>A Organiza\u00e7\u00e3o Internacional de Pol\u00edcia Criminal, conhecida como Interpol, fornece suporte de investiga\u00e7\u00e3o, conhecimento e treinamento para a aplica\u00e7\u00e3o da lei em todo o mundo na luta contra tr\u00eas \u00e1reas principais de crime transnacional: terrorismo, crime cibern\u00e9tico e crime organizado. Seu amplo mandato abrange praticamente todo tipo de crime, incluindo contra a humanidade, pornografia infantil, tr\u00e1fico e produ\u00e7\u00e3o de drogas, corrup\u00e7\u00e3o pol\u00edtica, viola\u00e7\u00e3o de direitos autorais e crime do colarinho branco. A ag\u00eancia tamb\u00e9m ajuda a coordenar a coopera\u00e7\u00e3o entre as institui\u00e7\u00f5es policiais do mundo por meio de bancos de dados criminais e redes de comunica\u00e7\u00e3o.<\/p>\n","protected":false},"excerpt":{"rendered":"<p>Inscri\u00e7\u00f5es come\u00e7am nesta quarta-feira (20) e podem ser feitas por meio da rede do Sistema Nacional de Informa\u00e7\u00f5es de Seguran\u00e7a P\u00fablica Em mais uma a\u00e7\u00e3o estrat\u00e9gica de capacita\u00e7\u00e3o dos profissionais que integram o Sistema \u00danico de Seguran\u00e7a P\u00fablica (SUSP), o Minist\u00e9rio da Justi\u00e7a e Seguran\u00e7a P\u00fablica (MJSP) e a Organiza\u00e7\u00e3o Internacional de Pol\u00edcia Criminal (Interpol) oferecem 90 cursos a dist\u00e2ncia, [&hellip;]<\/p>\n","protected":false},"author":27,"featured_media":0,"comment_status":"open","ping_status":"closed","sticky":false,"template":"","format":"standard","meta":{"footnotes":""},"categories":[2719],"tags":[3866,5935,1642,1450,17269,1973,19006,4658,5761,19410],"class_list":["post-20952","post","type-post","status-publish","format-standard","hentry","category-servidor","tag-capacitacao","tag-ciberneticos","tag-crimes","tag-cursos","tag-interpol","tag-ministerio-da-justica","tag-mjsp","tag-online","tag-seguranca-publica","tag-sinesp"],"_links":{"self":[{"href":"https:\/\/blogs.correiobraziliense.com.br\/servidor\/wp-json\/wp\/v2\/posts\/20952","targetHints":{"allow":["GET"]}}],"collection":[{"href":"https:\/\/blogs.correiobraziliense.com.br\/servidor\/wp-json\/wp\/v2\/posts"}],"about":[{"href":"https:\/\/blogs.correiobraziliense.com.br\/servidor\/wp-json\/wp\/v2\/types\/post"}],"author":[{"embeddable":true,"href":"https:\/\/blogs.correiobraziliense.com.br\/servidor\/wp-json\/wp\/v2\/users\/27"}],"replies":[{"embeddable":true,"href":"https:\/\/blogs.correiobraziliense.com.br\/servidor\/wp-json\/wp\/v2\/comments?post=20952"}],"version-history":[{"count":1,"href":"https:\/\/blogs.correiobraziliense.com.br\/servidor\/wp-json\/wp\/v2\/posts\/20952\/revisions"}],"predecessor-version":[{"id":20953,"href":"https:\/\/blogs.correiobraziliense.com.br\/servidor\/wp-json\/wp\/v2\/posts\/20952\/revisions\/20953"}],"wp:attachment":[{"href":"https:\/\/blogs.correiobraziliense.com.br\/servidor\/wp-json\/wp\/v2\/media?parent=20952"}],"wp:term":[{"taxonomy":"category","embeddable":true,"href":"https:\/\/blogs.correiobraziliense.com.br\/servidor\/wp-json\/wp\/v2\/categories?post=20952"},{"taxonomy":"post_tag","embeddable":true,"href":"https:\/\/blogs.correiobraziliense.com.br\/servidor\/wp-json\/wp\/v2\/tags?post=20952"}],"curies":[{"name":"wp","href":"https:\/\/api.w.org\/{rel}","templated":true}]}}