{"id":20930,"date":"2021-10-18T12:24:42","date_gmt":"2021-10-18T15:24:42","guid":{"rendered":"https:\/\/blogs.correiobraziliense.com.br\/servidor\/?p=20930"},"modified":"2021-10-18T12:24:42","modified_gmt":"2021-10-18T15:24:42","slug":"servidores-federais-aposentados-vao-levar-um-susto-quando-olharem-o-contracheque-de-outubro","status":"publish","type":"post","link":"https:\/\/blogs.correiobraziliense.com.br\/servidor\/servidores-federais-aposentados-vao-levar-um-susto-quando-olharem-o-contracheque-de-outubro\/","title":{"rendered":"Servidores federais aposentados v\u00e3o levar um susto quando olharem o contracheque de outubro"},"content":{"rendered":"<p><em><strong>Aposentados e pensionista, sem aviso pr\u00e9vio e em um momento de crise sanit\u00e1ria, infla\u00e7\u00e3o e juros nas alturas, v\u00e3o receber proventos menores, j\u00e1 em novembro, sem que tenham responsabilidade no assunto. Segundo informa\u00e7\u00f5es de funcion\u00e1rios p\u00fablicos federais aposentados, &#8220;por um erro&#8221; do Minist\u00e9rio da Economia, o desembolso para a previd\u00eancia ter\u00e1 uma parcela extra que mais que dobra o valor mensal<\/strong><\/em><\/p>\n<p>Veja o exemplo do contracheque de um servidor:<\/p>\n<p>Nesse caso, o pagamento mensal habitual, que \u00e9 de R$ 1.849,52, ganha &#8220;um presente&#8221; a mais de R$ 1.927,02. O total, supreendentemente, sobre para R$ 3.776,54. Com isso, \u00e9 importante que todos consultem o mais rapidamente seus olerites. De acordo com o minist\u00e9rio, &#8220;d\u00favidas e esclarecimentos adicionais dever\u00e3o ser enviados pela\u00a0Central SIPEC, atrav\u00e9s do endere\u00e7o eletr\u00f4nico abaixo:\u00a0https:\/\/www.gov.br\/servidor\/pt-br\/canais_atendimento\/central-sipec&#8221;<\/p>\n<p><img loading=\"lazy\" decoding=\"async\" class=\"size-full wp-image-20931 aligncenter\" src=\"https:\/\/blogs.correiobraziliense.com.br\/servidor\/wp-content\/uploads\/sites\/10\/2021\/10\/DESCONTO-PREVID\u00caNCIA-OBRIGAT\u00d3RIO-APOSENTADOS.jpg\" alt=\"\" width=\"739\" height=\"948\" srcset=\"https:\/\/blogs.correiobraziliense.com.br\/servidor\/wp-content\/uploads\/sites\/10\/2021\/10\/DESCONTO-PREVID\u00caNCIA-OBRIGAT\u00d3RIO-APOSENTADOS.jpg 739w, https:\/\/blogs.correiobraziliense.com.br\/servidor\/wp-content\/uploads\/sites\/10\/2021\/10\/DESCONTO-PREVID\u00caNCIA-OBRIGAT\u00d3RIO-APOSENTADOS-234x300.jpg 234w, https:\/\/blogs.correiobraziliense.com.br\/servidor\/wp-content\/uploads\/sites\/10\/2021\/10\/DESCONTO-PREVID\u00caNCIA-OBRIGAT\u00d3RIO-APOSENTADOS-550x706.jpg 550w, https:\/\/blogs.correiobraziliense.com.br\/servidor\/wp-content\/uploads\/sites\/10\/2021\/10\/DESCONTO-PREVID\u00caNCIA-OBRIGAT\u00d3RIO-APOSENTADOS-230x295.jpg 230w\" sizes=\"auto, (max-width: 739px) 100vw, 739px\" \/><\/p>\n<p>O comunicado conjunto da Coordena\u00e7\u00e3o-Geral de Moderniza\u00e7\u00e3o dos Processos da Folha, do\u00a0Departamento de Remunera\u00e7\u00e3o e Benef\u00edcios, da\u00a0Secretaria de Gest\u00e3o e Desempenho de Pessoal e da\u00a0Secretaria Especial de Desburocratiza\u00e7\u00e3o, Gest\u00e3o e Governo Digital, do\u00a0Minist\u00e9rio da Economia, tem como data inicial o dia 7 de outubro, mas s\u00f3 foi entregue aos &#8220;dirigentes de recursos humanos&#8221; dos \u00f3rg\u00e3os nessa segunda-feira (18). A quest\u00e3o \u00e9 que um equ\u00edvoco cometido no final de 2019 vir\u00e1 de uma vez s\u00f3, sem consulta alguma e sem respeito \u00e0 situa\u00e7\u00e3o financeira dos interessados.<\/p>\n<p>O \u00f3rg\u00e3o, na nota oficial, explica que a &#8220;aplica\u00e7\u00e3o da anterioridade&#8221; foi em consequ\u00eancia de consulta \u00e0 Receita Federal.\u00a0\u00a0E no que exceder o\u00a0teto do RGPS, a aplica\u00e7\u00e3o da fatura deve ser &#8220;a partir da data de sua<br \/>\npublica\u00e7\u00e3o&#8221;. E refor\u00e7a:\u00a0&#8220;Nesse sentido, ser\u00e1 efetuada para a folha de pagamento do m\u00eas de\u00a0OUTUBRO\/2021, apura\u00e7\u00e3o especial para o recalculo da contribui\u00e7\u00e3o\u00a0previdenci\u00e1ria referente aos meses de novembro e dezembro de 2019 e\u00a0PSS sobre gratifica\u00e7\u00e3o natalina de 2019, ou seja, para os citados\u00a0meses o desconto do PSS ser\u00e1 deduzido o Teto Previdenci\u00e1rio e n\u00e3o do\u00a0DOBRO do teto do RGPS, como foi considerado \u00e0 \u00e9poca&#8221;.<\/p>\n","protected":false},"excerpt":{"rendered":"<p>Aposentados e pensionista, sem aviso pr\u00e9vio e em um momento de crise sanit\u00e1ria, infla\u00e7\u00e3o e juros nas alturas, v\u00e3o receber proventos menores, j\u00e1 em novembro, sem que tenham responsabilidade no assunto. Segundo informa\u00e7\u00f5es de funcion\u00e1rios p\u00fablicos federais aposentados, &#8220;por um erro&#8221; do Minist\u00e9rio da Economia, o desembolso para a previd\u00eancia ter\u00e1 uma parcela extra que mais que dobra o valor [&hellip;]<\/p>\n","protected":false},"author":27,"featured_media":0,"comment_status":"open","ping_status":"closed","sticky":false,"template":"","format":"standard","meta":{"footnotes":""},"categories":[2719],"tags":[345,3690,3011,2282,2348,4034,14327,346,549,294,590,58],"class_list":["post-20930","post","type-post","status-publish","format-standard","hentry","category-servidor","tag-aposentados","tag-desconto","tag-desembolso","tag-erro","tag-extra","tag-fatura","tag-ministerio-da-economia","tag-pensionistas","tag-previdencia","tag-receita-federal","tag-rgps","tag-servidores"],"_links":{"self":[{"href":"https:\/\/blogs.correiobraziliense.com.br\/servidor\/wp-json\/wp\/v2\/posts\/20930","targetHints":{"allow":["GET"]}}],"collection":[{"href":"https:\/\/blogs.correiobraziliense.com.br\/servidor\/wp-json\/wp\/v2\/posts"}],"about":[{"href":"https:\/\/blogs.correiobraziliense.com.br\/servidor\/wp-json\/wp\/v2\/types\/post"}],"author":[{"embeddable":true,"href":"https:\/\/blogs.correiobraziliense.com.br\/servidor\/wp-json\/wp\/v2\/users\/27"}],"replies":[{"embeddable":true,"href":"https:\/\/blogs.correiobraziliense.com.br\/servidor\/wp-json\/wp\/v2\/comments?post=20930"}],"version-history":[{"count":1,"href":"https:\/\/blogs.correiobraziliense.com.br\/servidor\/wp-json\/wp\/v2\/posts\/20930\/revisions"}],"predecessor-version":[{"id":20932,"href":"https:\/\/blogs.correiobraziliense.com.br\/servidor\/wp-json\/wp\/v2\/posts\/20930\/revisions\/20932"}],"wp:attachment":[{"href":"https:\/\/blogs.correiobraziliense.com.br\/servidor\/wp-json\/wp\/v2\/media?parent=20930"}],"wp:term":[{"taxonomy":"category","embeddable":true,"href":"https:\/\/blogs.correiobraziliense.com.br\/servidor\/wp-json\/wp\/v2\/categories?post=20930"},{"taxonomy":"post_tag","embeddable":true,"href":"https:\/\/blogs.correiobraziliense.com.br\/servidor\/wp-json\/wp\/v2\/tags?post=20930"}],"curies":[{"name":"wp","href":"https:\/\/api.w.org\/{rel}","templated":true}]}}