{"id":20883,"date":"2021-10-11T06:31:37","date_gmt":"2021-10-11T09:31:37","guid":{"rendered":"https:\/\/blogs.correiobraziliense.com.br\/servidor\/?p=20883"},"modified":"2021-10-10T18:39:53","modified_gmt":"2021-10-10T21:39:53","slug":"o-que-vem-pela-semana-servidores-de-olho-em-arthur-lira","status":"publish","type":"post","link":"https:\/\/blogs.correiobraziliense.com.br\/servidor\/o-que-vem-pela-semana-servidores-de-olho-em-arthur-lira\/","title":{"rendered":"O que vem pela semana: servidores de olho em Arthur Lira"},"content":{"rendered":"<p><em><strong>As movimenta\u00e7\u00f5es no Congresso, nessa semana encurtada pelo feriado de 12 de Outubro, dever\u00e3o ser intensas nos bastidores.\u00a0\u201cLira ter\u00e1 apenas uma bala de prata para acertar dois alvos. A escolha vai depender do apetite da base de apoio e, pelo que j\u00e1 foi noticiado, do custo do voto de cada deputado\u201d, sintetiza o cientista pol\u00edtico Jorge Mizael, diretor da Consultoria Metapol\u00edtica<\/strong><\/em><\/p>\n<p><em><strong>VERA BATISTA<\/strong><\/em><\/p>\n<p><em><strong>CRISTIANE NOBERTO<\/strong><\/em><\/p>\n<p><img loading=\"lazy\" decoding=\"async\" class=\"size-full wp-image-19806 aligncenter\" src=\"https:\/\/blogs.correiobraziliense.com.br\/servidor\/wp-content\/uploads\/sites\/10\/2021\/06\/SERVIDORES-IMPROBIDADE.jpg\" alt=\"\" width=\"744\" height=\"391\" srcset=\"https:\/\/blogs.correiobraziliense.com.br\/servidor\/wp-content\/uploads\/sites\/10\/2021\/06\/SERVIDORES-IMPROBIDADE.jpg 744w, https:\/\/blogs.correiobraziliense.com.br\/servidor\/wp-content\/uploads\/sites\/10\/2021\/06\/SERVIDORES-IMPROBIDADE-300x158.jpg 300w, https:\/\/blogs.correiobraziliense.com.br\/servidor\/wp-content\/uploads\/sites\/10\/2021\/06\/SERVIDORES-IMPROBIDADE-550x289.jpg 550w, https:\/\/blogs.correiobraziliense.com.br\/servidor\/wp-content\/uploads\/sites\/10\/2021\/06\/SERVIDORES-IMPROBIDADE-230x121.jpg 230w\" sizes=\"auto, (max-width: 744px) 100vw, 744px\" \/><\/p>\n<p>N\u00e3o h\u00e1 uma agenda fechada, mas os olhos estar\u00e3o voltados para a C\u00e2mara e especialmente para as a\u00e7\u00f5es do presidente da Casa, deputado Arthur Lira (PP-AL). Quando voltar da viagem a Roma \u2013 com um seleto grupo, inclusive o presidente do Senado, Rodrigo Pacheco (DEM-MG) -, onde teve uma audi\u00eancia com o Papa Francisco, ter\u00e1 de escolher entre colocar imediatamente em vota\u00e7\u00e3o a Proposta de Emenda \u00e0 Constitui\u00e7\u00e3o (PEC 23\/2021), que trata do pagamento de precat\u00f3rios, uma fatura de R$ 89 bilh\u00f5es do Executivo, ou a PEC 32\/2020, de define as novas regras da reforma administrativa.<\/p>\n<p>\u201cLira ter\u00e1 apenas uma bala de prata para acertar dois alvos. A escolha vai depender do apetite da base de apoio e, pelo que j\u00e1 foi noticiado, do custo do voto de cada deputado\u201d, sintetiza o cientista pol\u00edtico Jorge Mizael, diretor da Consultoria Metapol\u00edtica. \u00c9 poss\u00edvel, destaca, que, com a proximidade do final do ano e das elei\u00e7\u00f5es de 2022, a PEC 23 ganhe relev\u00e2ncia. \u201cPela possibilidade de trabalhar o Plano Mais Brasil, j\u00e1 que o governo quer recursos para o novo Bolsa Fam\u00edlia (Aux\u00edlio Brasil). Isso tem que ser organizado com muita urg\u00eancia para que seja votada a lei or\u00e7ament\u00e1ria do pr\u00f3ximo ano. Assim, essa \u00e9 uma quest\u00e3o que, creio, ocupou o centro das articula\u00e7\u00f5es do final de semana\u201d, aponta Mizael.<\/p>\n<p>Neuriberg Dias, assessor do Departamento Intersindical de Assessoria Parlamentar (Diap), assinala que o Congresso entra em uma fase decisiva. \u201cVai ter que apresentar prioridades, dento de uma conjuntura que tem muitos problemas, uma agenda muito ampla, com a maior parte dos assuntos sem consenso\u201d, lembra. Al\u00e9m da agenda tradicional de reformas \u2013 administrativa e tribut\u00e1ria -, com alguns avan\u00e7os na C\u00e2mara e no Senado, h\u00e1 outra em rela\u00e7\u00e3o ao ambiente de neg\u00f3cios, \u00e0 crise energ\u00e9tica, \u00e0 abertura ou quebra de monop\u00f3lio, \u00e0 aprova\u00e7\u00e3o do Or\u00e7amento e dos assuntos que s\u00e3o tratados em ano eleitoral, refor\u00e7a.<\/p>\n<p>No entanto, agora, as agendas tendem a caminhar em ritmo mais lento, mais negociadas, ou seja, mais leve, em busca de acordos. \u201cPautas menos pol\u00eamica e mais resolutivas\u201d, destaca Dias. \u201cSem d\u00favida, a quest\u00e3o dos precat\u00f3rios deve ter relev\u00e2ncia. Ser\u00e1 uma forma de destravar os pr\u00f3ximos passos tanto do Executivo, quanto do Legislativo, para 2022. E destrava tamb\u00e9m os programas sociais e, talvez, at\u00e9 reajustes de servidores p\u00fablicos, que est\u00e1 entre as promessas, mas com uma chance menor em rela\u00e7\u00e3o a outras demandas. Nem o Congresso nem o governo v\u00e3o vai tirar o olho da reelei\u00e7\u00e3o\u201d, refor\u00e7a Neuriberg Dias.<\/p>\n<p>As quest\u00f5es estruturais, como o ambiente de neg\u00f3cios ou mudan\u00e7a de marcos regulat\u00f3rios, ficar\u00e3o para a pr\u00f3xima legislatura, ou para o p\u00f3s-pandemia, na an\u00e1lise do assessor do Departamento Intersindical de Assessoria Parlamentar (Diap). \u201cTamb\u00e9m podem entrar na pauta, nessa toada eleitoral, assuntos que toquem particularmente na renda, no aumento de pre\u00e7os e no emprego, que t\u00eam, no curto prazo, efeito grande para a popula\u00e7\u00e3o. Enfim, Arthur Lira \u00e9 quem est\u00e1 hoje dando o ritmo da agenda do governo e do mercado. O Senado tem sido uma Casa mais equilibrada e de di\u00e1logo\u201d, complementa.<\/p>\n<p><strong>Rito<\/strong><\/p>\n<p>Devido ao funcionamento h\u00edbrido do Congresso, as comiss\u00f5es seguir\u00e3o o rito normal ap\u00f3s o feriado de ter\u00e7a-feira. Diversas t\u00eam reuni\u00f5es de quarta-feira a sexta-feira da pr\u00f3xima semana, prev\u00ea Vladimir Nepomuceno, diretor da Insight Assessoria Parlamentar. No Plen\u00e1rio, nada agendado para as duas pr\u00f3ximas semanas. Apenas no dia 18, segunda-feira da outra semana, haver\u00e1 sess\u00e3o solene pelo Dia do M\u00e9dico, que se comemora na data. No dia seguinte, vale lembrar, a expectativa \u00e9 de leitura do relat\u00f3rio da PEC 23\/2021, na C\u00e2mara. O relator, deputado Hugo Motta (Republicanos\/PB), apresentou no dia 7 seu parecer. A vota\u00e7\u00e3o da mat\u00e9ria foi adiada por pedido de vista coletiva.<\/p>\n<p>\u201cNos bastidores, circula a informa\u00e7\u00e3o de que, al\u00e9m da aten\u00e7\u00e3o especial \u00e0s reformas administrativa, tribut\u00e1ria e da PEC dos precat\u00f3rios, uma das primeiras conversas de Arthur Lira quando voltar de viagem ser\u00e1 a possibilidade de adiar o retorno das atividades exclusivamente presenciais marcadas para a partir de 18 de outubro\u201d, conta Nepomuceno. \u201cA quest\u00e3o coincide com uma declara\u00e7\u00e3o do presidente da C\u00e2mara de que ele preferiria votar a PEC 32\/20 (reforma administrativa) antes do retorno do presencial. At\u00e9 porque exporia menos \u00e0 press\u00e3o nos corredores da Casa os poss\u00edveis deputados indecisos\u201d, revela Nepomuceno.<\/p>\n","protected":false},"excerpt":{"rendered":"<p>As movimenta\u00e7\u00f5es no Congresso, nessa semana encurtada pelo feriado de 12 de Outubro, dever\u00e3o ser intensas nos bastidores.\u00a0\u201cLira ter\u00e1 apenas uma bala de prata para acertar dois alvos. A escolha vai depender do apetite da base de apoio e, pelo que j\u00e1 foi noticiado, do custo do voto de cada deputado\u201d, sintetiza o cientista pol\u00edtico Jorge Mizael, diretor da Consultoria [&hellip;]<\/p>\n","protected":false},"author":27,"featured_media":0,"comment_status":"open","ping_status":"closed","sticky":false,"template":"","format":"standard","meta":{"footnotes":""},"categories":[2719],"tags":[19364,18729,709,19362,61,100,4525,2021,9,447,10,11095,19365,10586,19340,18170,1034,1788,13607,690,531,19363,12606,696,58],"class_list":["post-20883","post","type-post","status-publish","format-standard","hentry","category-servidor","tag-ambiente-de-negocios","tag-arthur-lira","tag-bolsa-familia","tag-czamara","tag-camara","tag-congresso","tag-consenso","tag-eleicoes","tag-executivo","tag-ir","tag-legislativo","tag-lei-orcamentaria","tag-marcos-regulatorios","tag-movimentacoes","tag-pec-23-2021","tag-pec-32-2020","tag-precatorios","tag-presencial","tag-programas-sociais","tag-reajustes","tag-reeleicao","tag-reforma-admnistrtiva","tag-reforma-tribuaria","tag-senado","tag-servidores"],"_links":{"self":[{"href":"https:\/\/blogs.correiobraziliense.com.br\/servidor\/wp-json\/wp\/v2\/posts\/20883","targetHints":{"allow":["GET"]}}],"collection":[{"href":"https:\/\/blogs.correiobraziliense.com.br\/servidor\/wp-json\/wp\/v2\/posts"}],"about":[{"href":"https:\/\/blogs.correiobraziliense.com.br\/servidor\/wp-json\/wp\/v2\/types\/post"}],"author":[{"embeddable":true,"href":"https:\/\/blogs.correiobraziliense.com.br\/servidor\/wp-json\/wp\/v2\/users\/27"}],"replies":[{"embeddable":true,"href":"https:\/\/blogs.correiobraziliense.com.br\/servidor\/wp-json\/wp\/v2\/comments?post=20883"}],"version-history":[{"count":1,"href":"https:\/\/blogs.correiobraziliense.com.br\/servidor\/wp-json\/wp\/v2\/posts\/20883\/revisions"}],"predecessor-version":[{"id":20884,"href":"https:\/\/blogs.correiobraziliense.com.br\/servidor\/wp-json\/wp\/v2\/posts\/20883\/revisions\/20884"}],"wp:attachment":[{"href":"https:\/\/blogs.correiobraziliense.com.br\/servidor\/wp-json\/wp\/v2\/media?parent=20883"}],"wp:term":[{"taxonomy":"category","embeddable":true,"href":"https:\/\/blogs.correiobraziliense.com.br\/servidor\/wp-json\/wp\/v2\/categories?post=20883"},{"taxonomy":"post_tag","embeddable":true,"href":"https:\/\/blogs.correiobraziliense.com.br\/servidor\/wp-json\/wp\/v2\/tags?post=20883"}],"curies":[{"name":"wp","href":"https:\/\/api.w.org\/{rel}","templated":true}]}}