{"id":2087,"date":"2016-06-28T14:36:05","date_gmt":"2016-06-28T17:36:05","guid":{"rendered":"https:\/\/blogs.correiobraziliense.com.br\/servidor\/?p=2087"},"modified":"2016-06-28T14:36:05","modified_gmt":"2016-06-28T17:36:05","slug":"trabalhadores-da-embrapa-paralisam-atividades-nesta-quarta-feira-296","status":"publish","type":"post","link":"https:\/\/blogs.correiobraziliense.com.br\/servidor\/trabalhadores-da-embrapa-paralisam-atividades-nesta-quarta-feira-296\/","title":{"rendered":"Trabalhadores da Embrapa paralisam atividades nesta quarta-feira (29\/6)"},"content":{"rendered":"<p><em>Al\u00e9m da falta de incrementos no or\u00e7amento da Embrapa para as pesquisas, os empregados trabalham de forma prec\u00e1ria<\/em><\/p>\n<p>O Sindicato Nacional dos Trabalhadores de Pesquisa Agropecu\u00e1ria (Sinpaf) convocou todos os trabalhadores da Empresa Brasileira de Pesquisa Agropecu\u00e1ria (Embrapa) para paralisa\u00e7\u00e3o nacional, na pr\u00f3xima quarta-feira (29\/6). Os empregados cobram reajuste digno com reposi\u00e7\u00e3o das perdas salariais, avan\u00e7os nas garantias sociais e respeito aos trabalhadores que lidam com a seguran\u00e7a alimentar nacional.<\/p>\n<p>A proposta de 8,28% de reajuste, apresentada pela empresa, n\u00e3o contempla a categoria, que pleiteia o IPCA de 9,28% mais o PIB agr\u00edcola de 2015 (1,8%).<\/p>\n<p>Quest\u00f5es como os Adicionais de Insalubridade e Periculosidade, Aux\u00edlio Alimenta\u00e7\u00e3o e Refei\u00e7\u00e3o, Fornecimento de caf\u00e9 da manh\u00e3, Aux\u00edlio Creche\/Pr\u00e9-escola\/Bab\u00e1 e Escola, Promo\u00e7\u00e3o e Crit\u00e9rios, Jornada Especial para Motoristas e Licen\u00e7a Maternidade e Paternidade tamb\u00e9m fazem parte das reivindica\u00e7\u00f5es dos trabalhadores nas Negocia\u00e7\u00f5es do Acordo Coletivo de Trabalho 2016\/2017.<\/p>\n<p>&#8220;Al\u00e9m da falta de recursos no or\u00e7amento da Embrapa para as pesquisas, o Governo Federal agora pretende mexer no bolso dos empregados, que j\u00e1 trabalham de forma prec\u00e1ria, denunciou o Sinpaf.<\/p>\n<p>Por ser uma empresa p\u00fablica de car\u00e1ter social, que gera, transfere e difunde tecnologias de campo, a Embrapa \u00e9 um agente imprescind\u00edvel para a manuten\u00e7\u00e3o da seguran\u00e7a alimentar nacional. \u201cGrande parte do sucesso dessa empresa se deve ao esfor\u00e7o de seus empregados. Como \u00e9 poss\u00edvel o governo federal tratar os trabalhadores com tanto descaso?\u201d, questionou o presidente do Sinpaf&#8221;, Julio Guerra.<\/p>\n<p>&nbsp;<\/p>\n<p><strong>SERVI\u00c7O<\/strong><\/p>\n<p>&nbsp;<\/p>\n<p>Evento: Paralisa\u00e7\u00e3o Nacional dos Trabalhadores da Embrapa<\/p>\n<p>Data: 29 de junho, quarta-feira.<\/p>\n<p>Hor\u00e1rio: 8 horas<\/p>\n<p>Local: Unidades da Embrapa<\/p>\n<p>Organiza\u00e7\u00e3o: SINPAF \u2013 Se\u00e7\u00f5es Sindicais<\/p>\n","protected":false},"excerpt":{"rendered":"<p>Al\u00e9m da falta de incrementos no or\u00e7amento da Embrapa para as pesquisas, os empregados trabalham de forma prec\u00e1ria O Sindicato Nacional dos Trabalhadores de Pesquisa Agropecu\u00e1ria (Sinpaf) convocou todos os trabalhadores da Empresa Brasileira de Pesquisa Agropecu\u00e1ria (Embrapa) para paralisa\u00e7\u00e3o nacional, na pr\u00f3xima quarta-feira (29\/6). Os empregados cobram reajuste digno com reposi\u00e7\u00e3o das perdas salariais, avan\u00e7os nas garantias sociais e [&hellip;]<\/p>\n","protected":false},"author":27,"featured_media":0,"comment_status":"open","ping_status":"closed","sticky":false,"template":"","format":"standard","meta":{"footnotes":""},"categories":[1],"tags":[463,2550,636,318,2551,668,63,689,19],"class_list":["post-2087","post","type-post","status-publish","format-standard","hentry","category-sem-categoria","tag-atividades","tag-embrapa","tag-ipca","tag-orcamento","tag-paralisam","tag-perdas","tag-reajuste","tag-reivindicacoes","tag-trabalhadores"],"_links":{"self":[{"href":"https:\/\/blogs.correiobraziliense.com.br\/servidor\/wp-json\/wp\/v2\/posts\/2087","targetHints":{"allow":["GET"]}}],"collection":[{"href":"https:\/\/blogs.correiobraziliense.com.br\/servidor\/wp-json\/wp\/v2\/posts"}],"about":[{"href":"https:\/\/blogs.correiobraziliense.com.br\/servidor\/wp-json\/wp\/v2\/types\/post"}],"author":[{"embeddable":true,"href":"https:\/\/blogs.correiobraziliense.com.br\/servidor\/wp-json\/wp\/v2\/users\/27"}],"replies":[{"embeddable":true,"href":"https:\/\/blogs.correiobraziliense.com.br\/servidor\/wp-json\/wp\/v2\/comments?post=2087"}],"version-history":[{"count":1,"href":"https:\/\/blogs.correiobraziliense.com.br\/servidor\/wp-json\/wp\/v2\/posts\/2087\/revisions"}],"predecessor-version":[{"id":2088,"href":"https:\/\/blogs.correiobraziliense.com.br\/servidor\/wp-json\/wp\/v2\/posts\/2087\/revisions\/2088"}],"wp:attachment":[{"href":"https:\/\/blogs.correiobraziliense.com.br\/servidor\/wp-json\/wp\/v2\/media?parent=2087"}],"wp:term":[{"taxonomy":"category","embeddable":true,"href":"https:\/\/blogs.correiobraziliense.com.br\/servidor\/wp-json\/wp\/v2\/categories?post=2087"},{"taxonomy":"post_tag","embeddable":true,"href":"https:\/\/blogs.correiobraziliense.com.br\/servidor\/wp-json\/wp\/v2\/tags?post=2087"}],"curies":[{"name":"wp","href":"https:\/\/api.w.org\/{rel}","templated":true}]}}