{"id":20851,"date":"2021-10-07T12:45:26","date_gmt":"2021-10-07T15:45:26","guid":{"rendered":"https:\/\/blogs.correiobraziliense.com.br\/servidor\/?p=20851"},"modified":"2021-10-07T12:45:26","modified_gmt":"2021-10-07T15:45:26","slug":"servidores-do-executivo-federal-terao-ponto-facultativo-na-proxima-segunda-feira-11-10","status":"publish","type":"post","link":"https:\/\/blogs.correiobraziliense.com.br\/servidor\/servidores-do-executivo-federal-terao-ponto-facultativo-na-proxima-segunda-feira-11-10\/","title":{"rendered":"Servidores do Executivo federal ter\u00e3o ponto facultativo na pr\u00f3xima segunda-feira (11\/10)"},"content":{"rendered":"<p><em><strong>Minist\u00e9rio da Economia informa que a norma vale para \u00f3rg\u00e3os da administra\u00e7\u00e3o p\u00fablica federal de todo o pa\u00eds. Importante destacar que, a princ\u00edpio, em portaria anterior, estava considerado como folga apenas o dia 12 de outubro, feriado nacional (Nossa Senhora Aparecida)<\/strong><\/em><\/p>\n<p><img loading=\"lazy\" decoding=\"async\" class=\"size-full wp-image-20852 alignleft\" src=\"https:\/\/blogs.correiobraziliense.com.br\/servidor\/wp-content\/uploads\/sites\/10\/2021\/10\/FERIADO.jpg\" alt=\"\" width=\"560\" height=\"250\" srcset=\"https:\/\/blogs.correiobraziliense.com.br\/servidor\/wp-content\/uploads\/sites\/10\/2021\/10\/FERIADO.jpg 560w, https:\/\/blogs.correiobraziliense.com.br\/servidor\/wp-content\/uploads\/sites\/10\/2021\/10\/FERIADO-300x134.jpg 300w, https:\/\/blogs.correiobraziliense.com.br\/servidor\/wp-content\/uploads\/sites\/10\/2021\/10\/FERIADO-550x246.jpg 550w, https:\/\/blogs.correiobraziliense.com.br\/servidor\/wp-content\/uploads\/sites\/10\/2021\/10\/FERIADO-230x103.jpg 230w\" sizes=\"auto, (max-width: 560px) 100vw, 560px\" \/><\/p>\n<p>Foi publicada nesta quinta-feira (7\/10), no Do\u00e1rio Oficial da Uni\u00e3o (DOU), a <a href=\"https:\/\/www.in.gov.br\/en\/web\/dou\/-\/portaria-me-n-11.923-de-6-de-outubro-de-2021-350924966\">Portaria n\u00ba 11.92<\/a>3, de 6 de outubro de 2021, que determina ponto facultativo nos \u00f3rg\u00e3os e entidades da administra\u00e7\u00e3o p\u00fablica federal direta, aut\u00e1rquica e fundacional em todo o territ\u00f3rio nacional na pr\u00f3xima segunda-feira, 11 de outubro.<\/p>\n<p>&#8220;A nova norma altera a <a href=\"https:\/\/www.in.gov.br\/en\/web\/dou\/-\/portaria-n-430-de-30-de-dezembro-de-2020-297214729\">Portaria n\u00ba 430<\/a>, de 30 de dezembro de 200, que estabeleceu os dias de feriados nacionais e de ponto facultativo no ano de 2021 para cumprimento pelos \u00f3rg\u00e3os e entidades do poder Executivo federal&#8221;, destaca o minist\u00e9rio.<\/p>\n<p>Em 30 de dezembro de 2020, o ME determinava os dias de feriados nacionais e os dias de ponto facultativo no ano de 2021:,<\/p>\n<p>I &#8211; 1\u00ba de janeiro, Confraterniza\u00e7\u00e3o Universal (feriado nacional);<\/p>\n<p>II &#8211; 15 de fevereiro, Carnaval (ponto facultativo);<\/p>\n<p>III &#8211; 16 de fevereiro, Carnaval (ponto facultativo);<\/p>\n<p>IV &#8211; 17 de fevereiro, quarta-feira de cinzas (ponto facultativo at\u00e9 as 14 horas);<\/p>\n<p>V &#8211; 2 de abril, Paix\u00e3o de Cristo (feriado nacional);<\/p>\n<p>VI &#8211; 21 de abril, Tiradentes (feriado nacional);<\/p>\n<p>VII -1\u00ba de maio, Dia Mundial do Trabalho (feriado nacional);<\/p>\n<p>VIII &#8211; 3 de junho, Corpus Christi (ponto facultativo);<\/p>\n<p>IX &#8211; 7 de setembro, Independ\u00eancia do Brasil (feriado nacional);<\/p>\n<p>X &#8211; 12 de outubro, Nossa Senhora Aparecida (feriado nacional);<\/p>\n<p>XI &#8211; 28 de outubro, Dia do Servidor P\u00fablico &#8211; art. 236 da Lei n\u00ba 8.112, de 11 de dezembro de 1990, a ser comemorado no dia 01 de novembro (ponto facultativo);<\/p>\n<p>XII &#8211; 2 de novembro, Finados (feriado nacional);<\/p>\n<p>XIII &#8211; 15 de novembro, Proclama\u00e7\u00e3o da Rep\u00fablica (feriado nacional);<\/p>\n<p>XIV &#8211; 24 de dezembro, v\u00e9spera de natal (ponto facultativo ap\u00f3s \u00e0s 14 horas);<\/p>\n<p>XV &#8211; 25 de dezembro, Natal (feriado nacional); e<\/p>\n<p>XVI &#8211; 31 de dezembro, v\u00e9spera de ano novo (ponto facultativo ap\u00f3s \u00e0s 14 horas).<\/p>\n<p>Il<em>ustra\u00e7\u00e3o: Magnosilva.com.br<\/em><\/p>\n","protected":false},"excerpt":{"rendered":"<p>Minist\u00e9rio da Economia informa que a norma vale para \u00f3rg\u00e3os da administra\u00e7\u00e3o p\u00fablica federal de todo o pa\u00eds. Importante destacar que, a princ\u00edpio, em portaria anterior, estava considerado como folga apenas o dia 12 de outubro, feriado nacional (Nossa Senhora Aparecida) Foi publicada nesta quinta-feira (7\/10), no Do\u00e1rio Oficial da Uni\u00e3o (DOU), a Portaria n\u00ba 11.923, de 6 de outubro [&hellip;]<\/p>\n","protected":false},"author":27,"featured_media":0,"comment_status":"open","ping_status":"closed","sticky":false,"template":"","format":"standard","meta":{"footnotes":""},"categories":[2719],"tags":[6971,1769,9,124,1823,14327,70,14818,58],"class_list":["post-20851","post","type-post","status-publish","format-standard","hentry","category-servidor","tag-administracao-publica","tag-dou","tag-executivo","tag-federal","tag-feriado","tag-ministerio-da-economia","tag-nacional","tag-ponto-facultativo","tag-servidores"],"_links":{"self":[{"href":"https:\/\/blogs.correiobraziliense.com.br\/servidor\/wp-json\/wp\/v2\/posts\/20851","targetHints":{"allow":["GET"]}}],"collection":[{"href":"https:\/\/blogs.correiobraziliense.com.br\/servidor\/wp-json\/wp\/v2\/posts"}],"about":[{"href":"https:\/\/blogs.correiobraziliense.com.br\/servidor\/wp-json\/wp\/v2\/types\/post"}],"author":[{"embeddable":true,"href":"https:\/\/blogs.correiobraziliense.com.br\/servidor\/wp-json\/wp\/v2\/users\/27"}],"replies":[{"embeddable":true,"href":"https:\/\/blogs.correiobraziliense.com.br\/servidor\/wp-json\/wp\/v2\/comments?post=20851"}],"version-history":[{"count":1,"href":"https:\/\/blogs.correiobraziliense.com.br\/servidor\/wp-json\/wp\/v2\/posts\/20851\/revisions"}],"predecessor-version":[{"id":20853,"href":"https:\/\/blogs.correiobraziliense.com.br\/servidor\/wp-json\/wp\/v2\/posts\/20851\/revisions\/20853"}],"wp:attachment":[{"href":"https:\/\/blogs.correiobraziliense.com.br\/servidor\/wp-json\/wp\/v2\/media?parent=20851"}],"wp:term":[{"taxonomy":"category","embeddable":true,"href":"https:\/\/blogs.correiobraziliense.com.br\/servidor\/wp-json\/wp\/v2\/categories?post=20851"},{"taxonomy":"post_tag","embeddable":true,"href":"https:\/\/blogs.correiobraziliense.com.br\/servidor\/wp-json\/wp\/v2\/tags?post=20851"}],"curies":[{"name":"wp","href":"https:\/\/api.w.org\/{rel}","templated":true}]}}