{"id":2085,"date":"2016-06-28T13:41:20","date_gmt":"2016-06-28T16:41:20","guid":{"rendered":"https:\/\/blogs.correiobraziliense.com.br\/servidor\/?p=2085"},"modified":"2016-06-28T13:41:20","modified_gmt":"2016-06-28T16:41:20","slug":"reajuste-de-213-para-os-servidores-do-senado","status":"publish","type":"post","link":"https:\/\/blogs.correiobraziliense.com.br\/servidor\/reajuste-de-213-para-os-servidores-do-senado\/","title":{"rendered":"Reajuste de 21,3% para os servidores do Senado"},"content":{"rendered":"<div><span style=\"font-family: Arial;font-size: small\">O aumento nos contracheques ser\u00e1 de 5,5% a partir de 1\u00ba de janeiro de 2016; 5% a partir de 1\u00ba de janeiro de 2017; 4,8% a partir de 1\u00ba de janeiro de 2018; e 4,5% a partir de 1\u00ba de janeiro de 2019<\/span><\/div>\n<div><\/div>\n<div>Foi publicada hoje, no Di\u00e1rio Oficial da Uni\u00e3o (DOU), a san\u00e7\u00e3o do presidente interino Michel Temer \u00e0 Lei 13.302 pare reajuste a remunera\u00e7\u00e3o dos servidores do Senado em 21,3%. De acordo com a norma, <span style=\"font-family: Arial;font-size: small\">os recursos para custear o aumento correr\u00e3o por conta de dota\u00e7\u00f5es or\u00e7ament\u00e1rias espec\u00edficas, previstas em anexo pr\u00f3prio da lei or\u00e7ament\u00e1ria, para o Senado Federal.<\/span><\/div>\n<div><\/div>\n<div><span style=\"font-family: Arial;font-size: small\">Temer vetou dois artigos aprovados pelo Congresso, entre eles o que previa que a lei entraria em vigor na data da publica\u00e7\u00e3o. O presidente interino justificou que \u201co dispositivo, se sancionado na presente data, representaria a concess\u00e3o de reajuste com efeitos financeiros anteriores \u00e0 data da entrada em vigor da lei, em afronta ao impedimento constante da Lei de Diretrizes Or\u00e7ament\u00e1rias (LDO)\u201d.<\/span><\/div>\n","protected":false},"excerpt":{"rendered":"<p>O aumento nos contracheques ser\u00e1 de 5,5% a partir de 1\u00ba de janeiro de 2016; 5% a partir de 1\u00ba de janeiro de 2017; 4,8% a partir de 1\u00ba de janeiro de 2018; e 4,5% a partir de 1\u00ba de janeiro de 2019 Foi publicada hoje, no Di\u00e1rio Oficial da Uni\u00e3o (DOU), a san\u00e7\u00e3o do presidente interino Michel Temer \u00e0 [&hellip;]<\/p>\n","protected":false},"author":27,"featured_media":0,"comment_status":"open","ping_status":"closed","sticky":false,"template":"","format":"standard","meta":{"footnotes":""},"categories":[1],"tags":[2545,2546,2424,2547,2549,637,2548,63,696,58],"class_list":["post-2085","post","type-post","status-publish","format-standard","hentry","category-sem-categoria","tag-2545","tag-2546","tag-contracheques","tag-dotacoes","tag-especificas","tag-ldo","tag-orcamentarias","tag-reajuste","tag-senado","tag-servidores"],"_links":{"self":[{"href":"https:\/\/blogs.correiobraziliense.com.br\/servidor\/wp-json\/wp\/v2\/posts\/2085","targetHints":{"allow":["GET"]}}],"collection":[{"href":"https:\/\/blogs.correiobraziliense.com.br\/servidor\/wp-json\/wp\/v2\/posts"}],"about":[{"href":"https:\/\/blogs.correiobraziliense.com.br\/servidor\/wp-json\/wp\/v2\/types\/post"}],"author":[{"embeddable":true,"href":"https:\/\/blogs.correiobraziliense.com.br\/servidor\/wp-json\/wp\/v2\/users\/27"}],"replies":[{"embeddable":true,"href":"https:\/\/blogs.correiobraziliense.com.br\/servidor\/wp-json\/wp\/v2\/comments?post=2085"}],"version-history":[{"count":1,"href":"https:\/\/blogs.correiobraziliense.com.br\/servidor\/wp-json\/wp\/v2\/posts\/2085\/revisions"}],"predecessor-version":[{"id":2086,"href":"https:\/\/blogs.correiobraziliense.com.br\/servidor\/wp-json\/wp\/v2\/posts\/2085\/revisions\/2086"}],"wp:attachment":[{"href":"https:\/\/blogs.correiobraziliense.com.br\/servidor\/wp-json\/wp\/v2\/media?parent=2085"}],"wp:term":[{"taxonomy":"category","embeddable":true,"href":"https:\/\/blogs.correiobraziliense.com.br\/servidor\/wp-json\/wp\/v2\/categories?post=2085"},{"taxonomy":"post_tag","embeddable":true,"href":"https:\/\/blogs.correiobraziliense.com.br\/servidor\/wp-json\/wp\/v2\/tags?post=2085"}],"curies":[{"name":"wp","href":"https:\/\/api.w.org\/{rel}","templated":true}]}}