{"id":20848,"date":"2021-10-07T12:28:06","date_gmt":"2021-10-07T15:28:06","guid":{"rendered":"https:\/\/blogs.correiobraziliense.com.br\/servidor\/?p=20848"},"modified":"2021-10-07T12:28:06","modified_gmt":"2021-10-07T15:28:06","slug":"servidores-fazem-ato-em-frente-ao-ministerio-da-economia","status":"publish","type":"post","link":"https:\/\/blogs.correiobraziliense.com.br\/servidor\/servidores-fazem-ato-em-frente-ao-ministerio-da-economia\/","title":{"rendered":"Servidores fazem ato em frente ao Minist\u00e9rio da Economia"},"content":{"rendered":"<p><em><strong>As manifesta\u00e7\u00f5es contra a reforma administrativa continuam. Mas na manh\u00e3 dessa quinta-feira (7), os servidores das tr\u00eas esferas do servi\u00e7o p\u00fablico fizeram um novo ato contra a PEC 32. Desta vez, o protesto foi em frente ao Minist\u00e9rio da Economia, contra &#8220;o escandaloso enriquecimento de Paulo Guedes que, como ministro da Economia, adota medidas para valorizar o d\u00f3lar e, consequentemente, seus investimentos num para\u00edso fiscal&#8221;, dizem os organizadores.<\/strong><\/em><\/p>\n<p><img loading=\"lazy\" decoding=\"async\" class=\"alignright size-large wp-image-20849\" src=\"https:\/\/blogs.correiobraziliense.com.br\/servidor\/wp-content\/uploads\/sites\/10\/2021\/10\/SERVIDORES-ME-PARA\u00cdSO-FISCAL-1024x819.jpg\" alt=\"\" width=\"1024\" height=\"819\" \/><\/p>\n<p>A tarde, a partir das 14 horas, os servidores voltam \u00e0 vig\u00edlia permanente em frente ao Anexo II da C\u00e2mara dos Deputados, para pressionar os palamentares a votarem &#8220;N\u00e3o \u00e0 PEC 32&#8221;.<\/p>\n","protected":false},"excerpt":{"rendered":"<p>As manifesta\u00e7\u00f5es contra a reforma administrativa continuam. Mas na manh\u00e3 dessa quinta-feira (7), os servidores das tr\u00eas esferas do servi\u00e7o p\u00fablico fizeram um novo ato contra a PEC 32. Desta vez, o protesto foi em frente ao Minist\u00e9rio da Economia, contra &#8220;o escandaloso enriquecimento de Paulo Guedes que, como ministro da Economia, adota medidas para valorizar o d\u00f3lar e, consequentemente, [&hellip;]<\/p>\n","protected":false},"author":27,"featured_media":0,"comment_status":"open","ping_status":"closed","sticky":false,"template":"","format":"standard","meta":{"footnotes":""},"categories":[2719],"tags":[21,3462,14327,19345,14501,18170,15938,58,460],"class_list":["post-20848","post","type-post","status-publish","format-standard","hentry","category-servidor","tag-ato","tag-enriquecimento","tag-ministerio-da-economia","tag-paraiso-fiscal","tag-paulo-guedes","tag-pec-32-2020","tag-reforma-administrativa","tag-servidores","tag-vigilia"],"_links":{"self":[{"href":"https:\/\/blogs.correiobraziliense.com.br\/servidor\/wp-json\/wp\/v2\/posts\/20848","targetHints":{"allow":["GET"]}}],"collection":[{"href":"https:\/\/blogs.correiobraziliense.com.br\/servidor\/wp-json\/wp\/v2\/posts"}],"about":[{"href":"https:\/\/blogs.correiobraziliense.com.br\/servidor\/wp-json\/wp\/v2\/types\/post"}],"author":[{"embeddable":true,"href":"https:\/\/blogs.correiobraziliense.com.br\/servidor\/wp-json\/wp\/v2\/users\/27"}],"replies":[{"embeddable":true,"href":"https:\/\/blogs.correiobraziliense.com.br\/servidor\/wp-json\/wp\/v2\/comments?post=20848"}],"version-history":[{"count":1,"href":"https:\/\/blogs.correiobraziliense.com.br\/servidor\/wp-json\/wp\/v2\/posts\/20848\/revisions"}],"predecessor-version":[{"id":20850,"href":"https:\/\/blogs.correiobraziliense.com.br\/servidor\/wp-json\/wp\/v2\/posts\/20848\/revisions\/20850"}],"wp:attachment":[{"href":"https:\/\/blogs.correiobraziliense.com.br\/servidor\/wp-json\/wp\/v2\/media?parent=20848"}],"wp:term":[{"taxonomy":"category","embeddable":true,"href":"https:\/\/blogs.correiobraziliense.com.br\/servidor\/wp-json\/wp\/v2\/categories?post=20848"},{"taxonomy":"post_tag","embeddable":true,"href":"https:\/\/blogs.correiobraziliense.com.br\/servidor\/wp-json\/wp\/v2\/tags?post=20848"}],"curies":[{"name":"wp","href":"https:\/\/api.w.org\/{rel}","templated":true}]}}