{"id":20833,"date":"2021-10-06T16:35:38","date_gmt":"2021-10-06T19:35:38","guid":{"rendered":"https:\/\/blogs.correiobraziliense.com.br\/servidor\/?p=20833"},"modified":"2021-10-06T16:35:38","modified_gmt":"2021-10-06T19:35:38","slug":"servidores-marcham-contra-a-pec-32-2020","status":"publish","type":"post","link":"https:\/\/blogs.correiobraziliense.com.br\/servidor\/servidores-marcham-contra-a-pec-32-2020\/","title":{"rendered":"Servidores marcham contra a PEC 32\/2020"},"content":{"rendered":"<p><em><strong>Servidores dos Tr\u00eas Poderes e das tr\u00eas esferas participaram na manh\u00e3 de hoje de marcha na Esplanada dos Minist\u00e9rios contra a PEC 32, que define as regras da reforma administrativa. Eles sa\u00edram do Espa\u00e7o do Servidor em dire\u00e7\u00e3o ao Anexo II da C\u00e2mara dos Deputados, onde permanecem em vig\u00edlia agora a tarde<\/strong><\/em><\/p>\n<p><img loading=\"lazy\" decoding=\"async\" class=\"alignright size-large wp-image-20834\" src=\"https:\/\/blogs.correiobraziliense.com.br\/servidor\/wp-content\/uploads\/sites\/10\/2021\/10\/MARCHA-REFORMA-ADMINISTRATIVA-1024x400.jpg\" alt=\"\" width=\"1024\" height=\"400\" srcset=\"https:\/\/blogs.correiobraziliense.com.br\/servidor\/wp-content\/uploads\/sites\/10\/2021\/10\/MARCHA-REFORMA-ADMINISTRATIVA.jpg 1024w, https:\/\/blogs.correiobraziliense.com.br\/servidor\/wp-content\/uploads\/sites\/10\/2021\/10\/MARCHA-REFORMA-ADMINISTRATIVA-300x117.jpg 300w, https:\/\/blogs.correiobraziliense.com.br\/servidor\/wp-content\/uploads\/sites\/10\/2021\/10\/MARCHA-REFORMA-ADMINISTRATIVA-768x300.jpg 768w, https:\/\/blogs.correiobraziliense.com.br\/servidor\/wp-content\/uploads\/sites\/10\/2021\/10\/MARCHA-REFORMA-ADMINISTRATIVA-800x313.jpg 800w, https:\/\/blogs.correiobraziliense.com.br\/servidor\/wp-content\/uploads\/sites\/10\/2021\/10\/MARCHA-REFORMA-ADMINISTRATIVA-550x215.jpg 550w, https:\/\/blogs.correiobraziliense.com.br\/servidor\/wp-content\/uploads\/sites\/10\/2021\/10\/MARCHA-REFORMA-ADMINISTRATIVA-230x90.jpg 230w\" sizes=\"auto, (max-width: 1024px) 100vw, 1024px\" \/><\/p>\n<p>&nbsp;<\/p>\n<p><em>Foto: Sindsep\/DF<\/em><\/p>\n<p>Uma comiss\u00e3o de sindicalistas &#8211; que representa servidores federais, estaduais, municipais e do Distrito Federal -em est\u00e1 agora a tarde visitando os gabinetes dos parlamentares em um trabalho de convencimento para que m n\u00e3o votem a favor da reforma administrativa. Pelas redes sociais, os servidores fazem tamb\u00e9m uma &#8220;mobiliza\u00e7\u00e3o virtual&#8221;, com o recado: &#8220;Parlamentar, se voc\u00ea defende sa\u00fade, educa\u00e7\u00e3o e demais servi\u00e7os p\u00fablicos, ent\u00e3o voc\u00ea VOTA N\u00c3O \u00c0 PEC 32&#8221;.<\/p>\n","protected":false},"excerpt":{"rendered":"<p>Servidores dos Tr\u00eas Poderes e das tr\u00eas esferas participaram na manh\u00e3 de hoje de marcha na Esplanada dos Minist\u00e9rios contra a PEC 32, que define as regras da reforma administrativa. Eles sa\u00edram do Espa\u00e7o do Servidor em dire\u00e7\u00e3o ao Anexo II da C\u00e2mara dos Deputados, onde permanecem em vig\u00edlia agora a tarde &nbsp; Foto: Sindsep\/DF Uma comiss\u00e3o de sindicalistas &#8211; [&hellip;]<\/p>\n","protected":false},"author":27,"featured_media":0,"comment_status":"open","ping_status":"closed","sticky":false,"template":"","format":"standard","meta":{"footnotes":""},"categories":[2719],"tags":[1531,1934,268,18170,15938,58],"class_list":["post-20833","post","type-post","status-publish","format-standard","hentry","category-servidor","tag-camara-dos-deputados","tag-marcha","tag-parlamentares","tag-pec-32-2020","tag-reforma-administrativa","tag-servidores"],"_links":{"self":[{"href":"https:\/\/blogs.correiobraziliense.com.br\/servidor\/wp-json\/wp\/v2\/posts\/20833","targetHints":{"allow":["GET"]}}],"collection":[{"href":"https:\/\/blogs.correiobraziliense.com.br\/servidor\/wp-json\/wp\/v2\/posts"}],"about":[{"href":"https:\/\/blogs.correiobraziliense.com.br\/servidor\/wp-json\/wp\/v2\/types\/post"}],"author":[{"embeddable":true,"href":"https:\/\/blogs.correiobraziliense.com.br\/servidor\/wp-json\/wp\/v2\/users\/27"}],"replies":[{"embeddable":true,"href":"https:\/\/blogs.correiobraziliense.com.br\/servidor\/wp-json\/wp\/v2\/comments?post=20833"}],"version-history":[{"count":1,"href":"https:\/\/blogs.correiobraziliense.com.br\/servidor\/wp-json\/wp\/v2\/posts\/20833\/revisions"}],"predecessor-version":[{"id":20835,"href":"https:\/\/blogs.correiobraziliense.com.br\/servidor\/wp-json\/wp\/v2\/posts\/20833\/revisions\/20835"}],"wp:attachment":[{"href":"https:\/\/blogs.correiobraziliense.com.br\/servidor\/wp-json\/wp\/v2\/media?parent=20833"}],"wp:term":[{"taxonomy":"category","embeddable":true,"href":"https:\/\/blogs.correiobraziliense.com.br\/servidor\/wp-json\/wp\/v2\/categories?post=20833"},{"taxonomy":"post_tag","embeddable":true,"href":"https:\/\/blogs.correiobraziliense.com.br\/servidor\/wp-json\/wp\/v2\/tags?post=20833"}],"curies":[{"name":"wp","href":"https:\/\/api.w.org\/{rel}","templated":true}]}}