{"id":20828,"date":"2021-10-06T12:35:11","date_gmt":"2021-10-06T15:35:11","guid":{"rendered":"https:\/\/blogs.correiobraziliense.com.br\/servidor\/?p=20828"},"modified":"2021-10-06T12:35:11","modified_gmt":"2021-10-06T15:35:11","slug":"bancarios-da-caixa-se-unem-a-movimentos-populares-por-moradia-e-em-defesa-do-banco-publico","status":"publish","type":"post","link":"https:\/\/blogs.correiobraziliense.com.br\/servidor\/bancarios-da-caixa-se-unem-a-movimentos-populares-por-moradia-e-em-defesa-do-banco-publico\/","title":{"rendered":"Banc\u00e1rios da Caixa se unem a movimentos populares por moradia e em defesa do banco p\u00fablico"},"content":{"rendered":"<p><em><strong>Federa\u00e7\u00e3o Nacional das Associa\u00e7\u00f5es do Pessoal da Caixa Econ\u00f4mica Federal (Fenae) participou da Marcha do Movimento Popular a Bras\u00edlia, que prev\u00ea, entre outras a\u00e7\u00f5es, apresenta\u00e7\u00e3o de Projeto de Lei de Autogest\u00e3o da Pol\u00edtica Habitacional e audi\u00eancia p\u00fablica na C\u00e2mara dos Deputados. Houve ato em frente \u00e0 matriz do banco<\/strong><\/em><\/p>\n<p><img loading=\"lazy\" decoding=\"async\" class=\"alignright size-full wp-image-18700\" src=\"https:\/\/blogs.correiobraziliense.com.br\/servidor\/wp-content\/uploads\/sites\/10\/2021\/01\/caixa-160-anos.jpg\" alt=\"\" width=\"600\" height=\"400\" srcset=\"https:\/\/blogs.correiobraziliense.com.br\/servidor\/wp-content\/uploads\/sites\/10\/2021\/01\/caixa-160-anos.jpg 600w, https:\/\/blogs.correiobraziliense.com.br\/servidor\/wp-content\/uploads\/sites\/10\/2021\/01\/caixa-160-anos-300x200.jpg 300w, https:\/\/blogs.correiobraziliense.com.br\/servidor\/wp-content\/uploads\/sites\/10\/2021\/01\/caixa-160-anos-550x367.jpg 550w, https:\/\/blogs.correiobraziliense.com.br\/servidor\/wp-content\/uploads\/sites\/10\/2021\/01\/caixa-160-anos-230x153.jpg 230w\" sizes=\"auto, (max-width: 600px) 100vw, 600px\" \/><\/p>\n<p>Nesta semana de alus\u00e3o ao Dia Mundial da Habita\u00e7\u00e3o [6 de outubro], banc\u00e1rios da Caixa Econ\u00f4mica Federal se unem a a\u00e7\u00f5es em defesa da moradia e do banco 100% p\u00fablico promotor de pol\u00edticas sociais. A estatal \u00e9 respons\u00e1vel por 70% do financiamento habitacional no pa\u00eds e por cerca de 90% do cr\u00e9dito a brasileiros de menor renda. Representantes da Federa\u00e7\u00e3o Nacional das Associa\u00e7\u00f5es do Pessoal da Caixa (Fenae) participaram, ontem, da Marcha do Movimento Popular a Bras\u00edlia, que prev\u00ea, entre outras a\u00e7\u00f5es, a apresenta\u00e7\u00e3o ao Congresso de um Projeto de Lei de Autogest\u00e3o da Pol\u00edtica Habitacional e audi\u00eancia p\u00fablica na C\u00e2mara dos Deputados, \u00e0s 16h.<\/p>\n<p>No in\u00edcio da tarde, houve ato em frente \u00e0 matriz da Caixa Econ\u00f4mica. A mobiliza\u00e7\u00e3o contou com a presen\u00e7a do presidente da Fenae, Sergio Takemoto, e de outros dirigentes da entidade, como Jair Ferreira (diretor de Forma\u00e7\u00e3o), Moacir Carneiro (diretor de Comunica\u00e7\u00e3o) e Jos\u00e9 Herculano do Nascimento (diretor da Regi\u00e3o Centro-Oeste). \u201cEstamos vendo, na gest\u00e3o Bolsonaro, um inquestion\u00e1vel desmonte das pol\u00edticas p\u00fablicas tamb\u00e9m no segmento habitacional\u201d, destaca Takemoto. \u201cProva disso \u00e9 que o pa\u00eds registra um d\u00e9ficit de 5,8 milh\u00f5es de moradias\u201d, emenda o presidente da Federa\u00e7\u00e3o, em refer\u00eancia a dados divulgados pelo Movimento dos Trabalhadores Sem Teto (MTST).<\/p>\n<p>Takemoto tamb\u00e9m pontua que um ano ap\u00f3s ter acabado com os subs\u00eddios para os benefici\u00e1rios mais carentes do extinto Minha Casa Minha Vida (MCMV) \u2014 criando um programa [Casa Verde e Amarela] que n\u00e3o decolou e cuja entrega de novas casas est\u00e1 abaixo da m\u00e9dia dos \u00faltimos anos \u2014 o governo editou medida provis\u00f3ria que garante acesso \u00e0 moradia para uma corpora\u00e7\u00e3o espec\u00edfica: os policiais. O chamado \u201cHabite Seguro\u201d ser\u00e1 operado pela Caixa, com subs\u00eddios e condi\u00e7\u00f5es de cr\u00e9dito especiais para cerca de 600 mil agentes da seguran\u00e7a p\u00fablica, incluindo aqueles que j\u00e1 se aposentaram. A categoria \u00e9 uma das principais bases de apoio a Bolsonaro.<\/p>\n<p>\u201cParece claro, portanto, que mais uma vez o governo est\u00e1 usando a Caixa e recursos da Uni\u00e3o para fins pol\u00edticos\u201d, ressalta Sergio Takemoto. \u201cNeste caso, para beneficiar uma das principais bases de apoio ao bolsonarismo em detrimento a outras parcelas da popula\u00e7\u00e3o que tamb\u00e9m precisam muito de moradia, de um teto para viver. O governo novamente d\u00e1 as costas para quem mais precisa\u201d, emenda.<\/p>\n<p>O presidente da Fenae lembra, ainda, que a Faixa 1 do MCMV beneficiava \u2014 com subs\u00eddio m\u00e9dio de 90% do valor da moradia \u2014 fam\u00edlias com renda at\u00e9 R$ 1,8 mil. De 2009 a setembro de 2020, foram entregues, para este grupo de benefici\u00e1rios, 1,5 milh\u00e3o de casas pelo Minha Casa Minha Vida, segundo relat\u00f3rio da Controladoria-Geral da Uni\u00e3o (CGU).<\/p>\n<p>Este ano, foram conclu\u00eddas apenas cerca de 20 mil unidades habitacionais para fam\u00edlias mais carentes. Passado um ano desde a substitui\u00e7\u00e3o do MCMV pelo Casa Verde e Amarela, nenhuma moradia foi regularizada ou recebeu melhorias, como prometia Bolsonaro. \u201cTrata-se de um inquestion\u00e1vel desmonte das pol\u00edticas p\u00fablicas, deixando os brasileiros mais vulner\u00e1veis fora dos programas habitacionais\u201d, afirma Takemoto.<\/p>\n<p>A Marcha do Movimento Popular a Bras\u00edlia \u00e9 coordenada pela Uni\u00e3o Nacional por Moradia Popular (UNMP), que participou da elabora\u00e7\u00e3o do \u201cPL de Autogest\u00e3o da Pol\u00edtica Habitacional\u201d juntamente com outros movimentos populares que atuam neste segmento. O projeto de lei cria o Programa Nacional de Moradia com o objetivo de regulamentar pr\u00e1ticas que assegurem o direito \u00e0 habita\u00e7\u00e3o digna, incluindo constru\u00e7\u00e3o de casas, urbaniza\u00e7\u00e3o e regulariza\u00e7\u00e3o de assentamentos. Regula tamb\u00e9m a chamada \u201cpropriedade coletiva\u201d, em que a vida em conjunto passa a ser gerida pela pr\u00f3pria comunidade.<\/p>\n","protected":false},"excerpt":{"rendered":"<p>Federa\u00e7\u00e3o Nacional das Associa\u00e7\u00f5es do Pessoal da Caixa Econ\u00f4mica Federal (Fenae) participou da Marcha do Movimento Popular a Bras\u00edlia, que prev\u00ea, entre outras a\u00e7\u00f5es, apresenta\u00e7\u00e3o de Projeto de Lei de Autogest\u00e3o da Pol\u00edtica Habitacional e audi\u00eancia p\u00fablica na C\u00e2mara dos Deputados. Houve ato em frente \u00e0 matriz do banco Nesta semana de alus\u00e3o ao Dia Mundial da Habita\u00e7\u00e3o [6 de [&hellip;]<\/p>\n","protected":false},"author":27,"featured_media":0,"comment_status":"open","ping_status":"closed","sticky":false,"template":"","format":"standard","meta":{"footnotes":""},"categories":[2719],"tags":[1149,19344,16335,1341,98,19343,2843,19342,14363,10851,330],"class_list":["post-20828","post","type-post","status-publish","format-standard","hentry","category-servidor","tag-caixa","tag-casa-verde-e-amarela","tag-fenae","tag-funcionarios","tag-governo","tag-mcmv","tag-moradia","tag-movimentos-populares","tag-mtst","tag-politicas-publicas","tag-uniao"],"_links":{"self":[{"href":"https:\/\/blogs.correiobraziliense.com.br\/servidor\/wp-json\/wp\/v2\/posts\/20828","targetHints":{"allow":["GET"]}}],"collection":[{"href":"https:\/\/blogs.correiobraziliense.com.br\/servidor\/wp-json\/wp\/v2\/posts"}],"about":[{"href":"https:\/\/blogs.correiobraziliense.com.br\/servidor\/wp-json\/wp\/v2\/types\/post"}],"author":[{"embeddable":true,"href":"https:\/\/blogs.correiobraziliense.com.br\/servidor\/wp-json\/wp\/v2\/users\/27"}],"replies":[{"embeddable":true,"href":"https:\/\/blogs.correiobraziliense.com.br\/servidor\/wp-json\/wp\/v2\/comments?post=20828"}],"version-history":[{"count":1,"href":"https:\/\/blogs.correiobraziliense.com.br\/servidor\/wp-json\/wp\/v2\/posts\/20828\/revisions"}],"predecessor-version":[{"id":20829,"href":"https:\/\/blogs.correiobraziliense.com.br\/servidor\/wp-json\/wp\/v2\/posts\/20828\/revisions\/20829"}],"wp:attachment":[{"href":"https:\/\/blogs.correiobraziliense.com.br\/servidor\/wp-json\/wp\/v2\/media?parent=20828"}],"wp:term":[{"taxonomy":"category","embeddable":true,"href":"https:\/\/blogs.correiobraziliense.com.br\/servidor\/wp-json\/wp\/v2\/categories?post=20828"},{"taxonomy":"post_tag","embeddable":true,"href":"https:\/\/blogs.correiobraziliense.com.br\/servidor\/wp-json\/wp\/v2\/tags?post=20828"}],"curies":[{"name":"wp","href":"https:\/\/api.w.org\/{rel}","templated":true}]}}