{"id":20824,"date":"2021-10-06T10:54:24","date_gmt":"2021-10-06T13:54:24","guid":{"rendered":"https:\/\/blogs.correiobraziliense.com.br\/servidor\/?p=20824"},"modified":"2021-10-06T11:14:17","modified_gmt":"2021-10-06T14:14:17","slug":"a-frente-parlamentar-mista-do-servico-publico-se-reune-com-o-ex-presidente-lula","status":"publish","type":"post","link":"https:\/\/blogs.correiobraziliense.com.br\/servidor\/a-frente-parlamentar-mista-do-servico-publico-se-reune-com-o-ex-presidente-lula\/","title":{"rendered":"A Frente Parlamentar Mista do Servi\u00e7o P\u00fablico se re\u00fane com o ex-presidente Lula"},"content":{"rendered":"<p><em><strong>O objetivo do encontro, que acontece nessa quinta-feira (07\/10). \u00e9 entregar um manifesto mostrando que a PEC 32 da \u201cDeforma Administrativa\u201d &#8211; diz a frente &#8211; \u00e9 um preju\u00edzo n\u00e3o s\u00f3 aos servidores p\u00fablicos, mas \u00e0 toda a popula\u00e7\u00e3o<\/strong><\/em><\/p>\n<p><img loading=\"lazy\" decoding=\"async\" class=\"size-full wp-image-19921 aligncenter\" src=\"https:\/\/blogs.correiobraziliense.com.br\/servidor\/wp-content\/uploads\/sites\/10\/2021\/06\/LULA.jpg\" alt=\"\" width=\"720\" height=\"460\" srcset=\"https:\/\/blogs.correiobraziliense.com.br\/servidor\/wp-content\/uploads\/sites\/10\/2021\/06\/LULA.jpg 720w, https:\/\/blogs.correiobraziliense.com.br\/servidor\/wp-content\/uploads\/sites\/10\/2021\/06\/LULA-300x192.jpg 300w, https:\/\/blogs.correiobraziliense.com.br\/servidor\/wp-content\/uploads\/sites\/10\/2021\/06\/LULA-550x351.jpg 550w, https:\/\/blogs.correiobraziliense.com.br\/servidor\/wp-content\/uploads\/sites\/10\/2021\/06\/LULA-230x147.jpg 230w\" sizes=\"auto, (max-width: 720px) 100vw, 720px\" \/><\/p>\n<p>O encontro foi organizado pela Central \u00danica dos Trabalhadores (CUT) para que o ex-presidente Lula receba os deputados coordenadores da Frente Parlamentar Mista do Servi\u00e7o P\u00fablico e suas entidades parceiras e outros parlamentares tamb\u00e9m contr\u00e1rios \u00e0 PEC 32\/20, que define as regras da reforma administrativa).<\/p>\n<p>Estar\u00e1 presente nesta quinta-feira (7\/10), al\u00e9m de entidades de classe e centrais sindicais, a Frente Parlamentar Mista do Servi\u00e7o P\u00fablico, frente oficial e hist\u00f3rica, composta de 255 deputados e 21 senadores e atuante desde 2007, sob a coordena\u00e7\u00e3o dos deputados Alice Portugal (PCdoB\/BA), Rog\u00e9rio Correia (PT\/MG), Paulo Ramos (PDT\/RJ) e Danilo Cabral (PSB-PE) e dos senadores Zenaide Maia (PROS-RN) e Paulo Paim (PT\/RS).<\/p>\n<p>O objetivo do encontro \u00e9 entregar um manifesto mostrando que a PEC 32 da \u201cDeforma Administrativa\u201d \u00e9 um preju\u00edzo n\u00e3o s\u00f3 aos servidores p\u00fablicos, mas \u00e0 toda a popula\u00e7\u00e3o.<\/p>\n<p><strong>A Frente<\/strong><\/p>\n<p>&#8220;A Frente Parlamentar Mista do Servi\u00e7o P\u00fablico teve seu in\u00edcio em 2007, sob a presid\u00eancia do ent\u00e3o deputado Rodrigo Rollemberg (PSB\/DF), desde seu lan\u00e7amento atuou na defesa dos direitos e garantias dos servidores p\u00fablicos. Relan\u00e7ada em 13 de setembro de 2016 sob a coordena\u00e7\u00e3o do senador Paulo Paim (PT-RS) e da deputada Alice Portugal (PCdoB-BA), a Frente declarou logo no lan\u00e7amento ter como objetivo barrar projetos que aniquilam o arcabou\u00e7o de leis de prote\u00e7\u00e3o ao servidor p\u00fablico, em tramita\u00e7\u00e3o no Congresso Nacional.<\/p>\n<p>Na atual legislatura, a Frente do Servi\u00e7o P\u00fablico teve seu relan\u00e7amento no dia 23 de outubro de 2019, no Audit\u00f3rio Nereu Ramos, sob a coordena\u00e7\u00e3o dos deputados Alice Portugal (PCdoB\/BA) e Danilo Cabral (PSB\/PE) e dos senadores Paulo Paim (PT\/RS) e Zenaide Maia (PROS\/RN. Em 2021, ampliou sua coordena\u00e7\u00e3o com a participa\u00e7\u00e3o dos deputados Paulo Ramos PDT\/RJ e Rog\u00e9rio Correa PT\/MG. A Frente \u00e9\u00a0atualmente composta por 255 deputados federais, 21 senadores e 87 entidades parceiras representativas da sociedade civil.<\/p>\n","protected":false},"excerpt":{"rendered":"<p>O objetivo do encontro, que acontece nessa quinta-feira (07\/10). \u00e9 entregar um manifesto mostrando que a PEC 32 da \u201cDeforma Administrativa\u201d &#8211; diz a frente &#8211; \u00e9 um preju\u00edzo n\u00e3o s\u00f3 aos servidores p\u00fablicos, mas \u00e0 toda a popula\u00e7\u00e3o O encontro foi organizado pela Central \u00danica dos Trabalhadores (CUT) para que o ex-presidente Lula receba os deputados coordenadores da Frente [&hellip;]<\/p>\n","protected":false},"author":27,"featured_media":0,"comment_status":"open","ping_status":"closed","sticky":false,"template":"","format":"standard","meta":{"footnotes":""},"categories":[2719],"tags":[999,1298,16280,623,18170,15938,39,58],"class_list":["post-20824","post","type-post","status-publish","format-standard","hentry","category-servidor","tag-cut","tag-deputados","tag-frente-parlamentar-mista-do-servico-publico","tag-manifesto","tag-pec-32-2020","tag-reforma-administrativa","tag-senadores","tag-servidores"],"_links":{"self":[{"href":"https:\/\/blogs.correiobraziliense.com.br\/servidor\/wp-json\/wp\/v2\/posts\/20824","targetHints":{"allow":["GET"]}}],"collection":[{"href":"https:\/\/blogs.correiobraziliense.com.br\/servidor\/wp-json\/wp\/v2\/posts"}],"about":[{"href":"https:\/\/blogs.correiobraziliense.com.br\/servidor\/wp-json\/wp\/v2\/types\/post"}],"author":[{"embeddable":true,"href":"https:\/\/blogs.correiobraziliense.com.br\/servidor\/wp-json\/wp\/v2\/users\/27"}],"replies":[{"embeddable":true,"href":"https:\/\/blogs.correiobraziliense.com.br\/servidor\/wp-json\/wp\/v2\/comments?post=20824"}],"version-history":[{"count":3,"href":"https:\/\/blogs.correiobraziliense.com.br\/servidor\/wp-json\/wp\/v2\/posts\/20824\/revisions"}],"predecessor-version":[{"id":20827,"href":"https:\/\/blogs.correiobraziliense.com.br\/servidor\/wp-json\/wp\/v2\/posts\/20824\/revisions\/20827"}],"wp:attachment":[{"href":"https:\/\/blogs.correiobraziliense.com.br\/servidor\/wp-json\/wp\/v2\/media?parent=20824"}],"wp:term":[{"taxonomy":"category","embeddable":true,"href":"https:\/\/blogs.correiobraziliense.com.br\/servidor\/wp-json\/wp\/v2\/categories?post=20824"},{"taxonomy":"post_tag","embeddable":true,"href":"https:\/\/blogs.correiobraziliense.com.br\/servidor\/wp-json\/wp\/v2\/tags?post=20824"}],"curies":[{"name":"wp","href":"https:\/\/api.w.org\/{rel}","templated":true}]}}