{"id":20807,"date":"2021-10-01T20:28:20","date_gmt":"2021-10-01T23:28:20","guid":{"rendered":"https:\/\/blogs.correiobraziliense.com.br\/servidor\/?p=20807"},"modified":"2021-10-01T20:29:04","modified_gmt":"2021-10-01T23:29:04","slug":"governo-prorroga-prazo-para-prova-de-vida-dos-servidores-do-executivo-federal","status":"publish","type":"post","link":"https:\/\/blogs.correiobraziliense.com.br\/servidor\/governo-prorroga-prazo-para-prova-de-vida-dos-servidores-do-executivo-federal\/","title":{"rendered":"Governo prorroga prazo para prova de vida dos servidores do Executivo federal"},"content":{"rendered":"<p><strong>Os benefici\u00e1rios do Executivo federal que n\u00e3o fizeram a prova de vida entre janeiro de 2020 a setembro de 2021 t\u00eam at\u00e9 o final do ano de 2021 para a comprova\u00e7\u00e3o.\u00a0<\/strong><\/p>\n<p><img loading=\"lazy\" decoding=\"async\" class=\"size-full wp-image-20809 alignleft\" src=\"https:\/\/blogs.correiobraziliense.com.br\/servidor\/wp-content\/uploads\/sites\/10\/2021\/10\/GOV-BR.jpg\" alt=\"\" width=\"269\" height=\"187\" \/><\/p>\n<p>O Minist\u00e9rio da Economia prorrogou at\u00e9 31 de dezembro deste ano o prazo para a realiza\u00e7\u00e3o da prova de vida dos servidores p\u00fablicos federais aposentados, pensionistas e anistiados pol\u00edticos civis do Executivo federal.\u00a0O prazo de comprova\u00e7\u00e3o de vida para evitar a suspens\u00e3o do pagamento terminava na quinta-feira (30\/9). Nesta sexta-feira (1\u00ba\/10), a Instru\u00e7\u00e3o Normativa n\u00ba 91, de 30 de setembro de 2021, estendeu o prazo at\u00e9 o final do ano, de acordo com o calend\u00e1rio.<\/p>\n<p>Os aniversariantes a partir de outubro de 2021 que j\u00e1 cumpriram com a obriga\u00e7\u00e3o de comprova\u00e7\u00e3o de vida de anos anteriores ter\u00e3o que voltar a fazer a prova de vida a partir do m\u00eas de anivers\u00e1rio, nos moldes do que est\u00e1 descrito na Portaria n\u00ba 244 e Instru\u00e7\u00e3o Normativa n\u00ba 45, ambas de 15 de junho de 2020.<\/p>\n<p>&#8220;A prova de vida \u00e9 um procedimento previsto em lei para evitar fraudes e pagamentos indevidos e deve ser feita uma vez por ano, no m\u00eas do anivers\u00e1rio do benefici\u00e1rio. A consulta \u00e0 situa\u00e7\u00e3o da prova de vida pode ser feita pelo aplicativo <a href=\"https:\/\/www.gov.br\/governodigital\/pt-br\/assinatura-eletronica\/baixar-app-govbr\">SouGov.br<\/a>, dispon\u00edvel nas lojas Google Play e App Store, ou pelo computador&#8221;, informa o minist\u00e9rio.<\/p>\n<p><strong>Procedimentos para a prova de vida<\/strong><\/p>\n<p>Modo digital \u2013 Neste caso, o benefici\u00e1rio precisa ter a biometria (identifica\u00e7\u00e3o digital) cadastrada no Tribunal Superior Eleitoral (TSE) ou no Departamento Nacional de Tr\u00e2nsito (Denatran), al\u00e9m de ter instalado em seu celular os aplicativos SouGov.br e GOV.BR. O procedimento ser\u00e1 iniciado pelo SouGov.br e, em seguida, dever\u00e1 ser efetuada a valida\u00e7\u00e3o facial no aplicativo GOV.BR. Depois, o benefici\u00e1rio dever\u00e1 acompanhar a situa\u00e7\u00e3o da comprova\u00e7\u00e3o de vida pelo aplicativo SouGov.br ou pelo computador.<\/p>\n<p>Modo presencial \u2013 O benefici\u00e1rio deve comparecer a qualquer ag\u00eancia do banco onde recebe o pagamento munido de documento de identifica\u00e7\u00e3o com foto.<\/p>\n<p>Independentemente do canal em que foi realizada a comprova\u00e7\u00e3o de vida, o benefici\u00e1rio pode acompanhar a situa\u00e7\u00e3o no SouGov.br, tanto pelo aplicativo como pelo computador. Em qualquer desses canais \u00e9 poss\u00edvel tamb\u00e9m obter o comprovante e receber notifica\u00e7\u00f5es para lembrar o prazo da realiza\u00e7\u00e3o da prova de vida.<\/p>\n<p><a href=\"https:\/\/www.gov.br\/governodigital\/pt-br\/assinatura-eletronica\/baixar-app-govbr\">Saiba mais sobre a prova de vida<\/a>.<\/p>\n","protected":false},"excerpt":{"rendered":"<p>Os benefici\u00e1rios do Executivo federal que n\u00e3o fizeram a prova de vida entre janeiro de 2020 a setembro de 2021 t\u00eam at\u00e9 o final do ano de 2021 para a comprova\u00e7\u00e3o.\u00a0 O Minist\u00e9rio da Economia prorrogou at\u00e9 31 de dezembro deste ano o prazo para a realiza\u00e7\u00e3o da prova de vida dos servidores p\u00fablicos federais aposentados, pensionistas e anistiados pol\u00edticos [&hellip;]<\/p>\n","protected":false},"author":27,"featured_media":0,"comment_status":"open","ping_status":"closed","sticky":false,"template":"","format":"standard","meta":{"footnotes":""},"categories":[2719],"tags":[3745,18012,345,3787,16080,5004,2948,87,1011,1207,4570,346,16078,58,2053,10934],"class_list":["post-20807","post","type-post","status-publish","format-standard","hentry","category-servidor","tag-agencia","tag-anistiados","tag-aposentados","tag-banco","tag-biometria","tag-comprovacao","tag-computador","tag-digital","tag-fraudes","tag-identificacao","tag-pagamentos","tag-pensionistas","tag-prova-de-vida","tag-servidores","tag-tse","tag-validacao"],"_links":{"self":[{"href":"https:\/\/blogs.correiobraziliense.com.br\/servidor\/wp-json\/wp\/v2\/posts\/20807","targetHints":{"allow":["GET"]}}],"collection":[{"href":"https:\/\/blogs.correiobraziliense.com.br\/servidor\/wp-json\/wp\/v2\/posts"}],"about":[{"href":"https:\/\/blogs.correiobraziliense.com.br\/servidor\/wp-json\/wp\/v2\/types\/post"}],"author":[{"embeddable":true,"href":"https:\/\/blogs.correiobraziliense.com.br\/servidor\/wp-json\/wp\/v2\/users\/27"}],"replies":[{"embeddable":true,"href":"https:\/\/blogs.correiobraziliense.com.br\/servidor\/wp-json\/wp\/v2\/comments?post=20807"}],"version-history":[{"count":2,"href":"https:\/\/blogs.correiobraziliense.com.br\/servidor\/wp-json\/wp\/v2\/posts\/20807\/revisions"}],"predecessor-version":[{"id":20811,"href":"https:\/\/blogs.correiobraziliense.com.br\/servidor\/wp-json\/wp\/v2\/posts\/20807\/revisions\/20811"}],"wp:attachment":[{"href":"https:\/\/blogs.correiobraziliense.com.br\/servidor\/wp-json\/wp\/v2\/media?parent=20807"}],"wp:term":[{"taxonomy":"category","embeddable":true,"href":"https:\/\/blogs.correiobraziliense.com.br\/servidor\/wp-json\/wp\/v2\/categories?post=20807"},{"taxonomy":"post_tag","embeddable":true,"href":"https:\/\/blogs.correiobraziliense.com.br\/servidor\/wp-json\/wp\/v2\/tags?post=20807"}],"curies":[{"name":"wp","href":"https:\/\/api.w.org\/{rel}","templated":true}]}}